{"id":987,"date":"2014-08-10T13:05:50","date_gmt":"2014-08-10T13:05:50","guid":{"rendered":"http:\/\/parafiarososzyca.pl\/?p=987"},"modified":"2021-02-13T14:12:15","modified_gmt":"2021-02-13T14:12:15","slug":"pielgrzymka-na-jasna-gore-2014-grupa-zielona","status":"publish","type":"post","link":"https:\/\/parafiarososzyca.pl\/index.php\/2014\/08\/10\/pielgrzymka-na-jasna-gore-2014-grupa-zielona\/","title":{"rendered":"Pielgrzymka na Jasn\u0105 G\u00f3r\u0119 2014 &#8211; Grupa Zielona"},"content":{"rendered":"<p>W dniach 9 &#8211; 13 sierpnia odbywa si\u0119 &nbsp;diecezjalna pielgrzymka na Jasn\u0105 G\u00f3r\u0119. W\u015br\u00f3d grup promienistych najbli\u017csza nam jest grupa zielona, kt\u00f3ra w\u0119druje przez Rososzyc\u0119.<!--more--><\/p>\n<p>Przewodnikiem grupy jest ks. wikariusz Mariusz D\u0105browski, natomiast rol\u0119 ojca duchownego pe\u0142ni brat Grzegorz \u2013 dolorysta. W grupie pielgrzymuje tak\u017ce ks. Piotr Bamberski &#8211; proboszcz parafii w Przespolewie oraz klerycy.&nbsp;Grupa liczy ponad 130 os\u00f3b.<\/p>\nngg_shortcode_0_placeholder\n","protected":false},"excerpt":{"rendered":"<p>W dniach 9 &#8211; 13 sierpnia odbywa si\u0119 &nbsp;diecezjalna pielgrzymka na Jasn\u0105 G\u00f3r\u0119. W\u015br\u00f3d grup promienistych najbli\u017csza nam jest grupa zielona, kt\u00f3ra w\u0119druje przez Rososzyc\u0119.<\/p>\n","protected":false},"author":1,"featured_media":0,"comment_status":"closed","ping_status":"closed","sticky":false,"template":"","format":"standard","meta":{"ngg_post_thumbnail":0,"footnotes":"","_links_to":"","_links_to_target":""},"categories":[2],"tags":[],"class_list":{"0":"entry","1":"post","2":"publish","3":"author-admin","4":"has-more-link","5":"post-987","7":"format-standard","8":"category-rok2014"},"_links":{"self":[{"href":"https:\/\/parafiarososzyca.pl\/index.php\/wp-json\/wp\/v2\/posts\/987","targetHints":{"allow":["GET"]}}],"collection":[{"href":"https:\/\/parafiarososzyca.pl\/index.php\/wp-json\/wp\/v2\/posts"}],"about":[{"href":"https:\/\/parafiarososzyca.pl\/index.php\/wp-json\/wp\/v2\/types\/post"}],"author":[{"embeddable":true,"href":"https:\/\/parafiarososzyca.pl\/index.php\/wp-json\/wp\/v2\/users\/1"}],"replies":[{"embeddable":true,"href":"https:\/\/parafiarososzyca.pl\/index.php\/wp-json\/wp\/v2\/comments?post=987"}],"version-history":[{"count":0,"href":"https:\/\/parafiarososzyca.pl\/index.php\/wp-json\/wp\/v2\/posts\/987\/revisions"}],"wp:attachment":[{"href":"https:\/\/parafiarososzyca.pl\/index.php\/wp-json\/wp\/v2\/media?parent=987"}],"wp:term":[{"taxonomy":"category","embeddable":true,"href":"https:\/\/parafiarososzyca.pl\/index.php\/wp-json\/wp\/v2\/categories?post=987"},{"taxonomy":"post_tag","embeddable":true,"href":"https:\/\/parafiarososzyca.pl\/index.php\/wp-json\/wp\/v2\/tags?post=987"}],"curies":[{"name":"wp","href":"https:\/\/api.w.org\/{rel}","templated":true}]}}