{"id":9651,"date":"2018-03-25T18:19:36","date_gmt":"2018-03-25T18:19:36","guid":{"rendered":"http:\/\/parafiarososzyca.pl\/?p=9651"},"modified":"2021-02-15T18:23:56","modified_gmt":"2021-02-15T18:23:56","slug":"droga-krzyzowa-ulicami-rososzycy","status":"publish","type":"post","link":"https:\/\/parafiarososzyca.pl\/index.php\/2018\/03\/25\/droga-krzyzowa-ulicami-rososzycy\/","title":{"rendered":"Droga Krzy\u017cowa ulicami Rososzycy"},"content":{"rendered":"<p>Tradycyjnie w niedziel\u0119 Palmow\u0105 ulicami \u015arodkow\u0105 i Ko\u015bcieln\u0105 w Rososzycy ruszy\u0142a Droga Krzy\u017cowa zako\u0144czona w ko\u015bciele parafialnym nabo\u017ce\u0144stwem Gorzkich \u017bali.<!--more--><\/p>\nngg_shortcode_0_placeholder\n","protected":false},"excerpt":{"rendered":"<p>Tradycyjnie w niedziel\u0119 Palmow\u0105 ulicami \u015arodkow\u0105 i Ko\u015bcieln\u0105 w Rososzycy ruszy\u0142a Droga Krzy\u017cowa zako\u0144czona w ko\u015bciele parafialnym nabo\u017ce\u0144stwem Gorzkich \u017bali.<\/p>\n","protected":false},"author":1,"featured_media":0,"comment_status":"closed","ping_status":"closed","sticky":false,"template":"","format":"standard","meta":{"ngg_post_thumbnail":0,"footnotes":"","_links_to":"","_links_to_target":""},"categories":[9],"tags":[],"class_list":{"0":"entry","1":"post","2":"publish","3":"author-admin","4":"has-more-link","5":"post-9651","7":"format-standard","8":"category-rok-2018"},"_links":{"self":[{"href":"https:\/\/parafiarososzyca.pl\/index.php\/wp-json\/wp\/v2\/posts\/9651","targetHints":{"allow":["GET"]}}],"collection":[{"href":"https:\/\/parafiarososzyca.pl\/index.php\/wp-json\/wp\/v2\/posts"}],"about":[{"href":"https:\/\/parafiarososzyca.pl\/index.php\/wp-json\/wp\/v2\/types\/post"}],"author":[{"embeddable":true,"href":"https:\/\/parafiarososzyca.pl\/index.php\/wp-json\/wp\/v2\/users\/1"}],"replies":[{"embeddable":true,"href":"https:\/\/parafiarososzyca.pl\/index.php\/wp-json\/wp\/v2\/comments?post=9651"}],"version-history":[{"count":0,"href":"https:\/\/parafiarososzyca.pl\/index.php\/wp-json\/wp\/v2\/posts\/9651\/revisions"}],"wp:attachment":[{"href":"https:\/\/parafiarososzyca.pl\/index.php\/wp-json\/wp\/v2\/media?parent=9651"}],"wp:term":[{"taxonomy":"category","embeddable":true,"href":"https:\/\/parafiarososzyca.pl\/index.php\/wp-json\/wp\/v2\/categories?post=9651"},{"taxonomy":"post_tag","embeddable":true,"href":"https:\/\/parafiarososzyca.pl\/index.php\/wp-json\/wp\/v2\/tags?post=9651"}],"curies":[{"name":"wp","href":"https:\/\/api.w.org\/{rel}","templated":true}]}}