{"id":9060,"date":"2017-08-15T14:11:30","date_gmt":"2017-08-15T14:11:30","guid":{"rendered":"http:\/\/parafiarososzyca.pl\/?p=9060"},"modified":"2021-02-15T14:13:34","modified_gmt":"2021-02-15T14:13:34","slug":"pielgrzymka-rowerowa-do-sanktuarium-w-skalmierzycach","status":"publish","type":"post","link":"https:\/\/parafiarososzyca.pl\/index.php\/2017\/08\/15\/pielgrzymka-rowerowa-do-sanktuarium-w-skalmierzycach\/","title":{"rendered":"Pielgrzymka rowerowa do sanktuarium w Skalmierzycach"},"content":{"rendered":"<p style=\"text-align: justify;\">W dniu 15 sierpnia ju\u017c sz\u00f3sty raz z naszej parafii wyjecha\u0142a rowerowa pielgrzymka do sanktuarium w Skalmierzycach. P\u0105tnicy wzi\u0119li udzia\u0142 w uroczysto\u015bciach odpustowych ku czci Wniebowzi\u0119cia Naj\u015bwi\u0119tszej Maryi Panny. Uroczysto\u015bciom odpustowym przewodniczy\u0142 ks. arcybiskup Mieczys\u0142aw Mokrzycki metropolita lwowski.<!--more--><\/p>\nngg_shortcode_0_placeholder\n","protected":false},"excerpt":{"rendered":"<p>W dniu 15 sierpnia ju\u017c sz\u00f3sty raz z naszej parafii wyjecha\u0142a rowerowa pielgrzymka do sanktuarium w Skalmierzycach. P\u0105tnicy wzi\u0119li udzia\u0142 w uroczysto\u015bciach odpustowych ku czci Wniebowzi\u0119cia Naj\u015bwi\u0119tszej Maryi Panny. Uroczysto\u015bciom odpustowym przewodniczy\u0142 ks. arcybiskup Mieczys\u0142aw Mokrzycki metropolita lwowski.<\/p>\n","protected":false},"author":1,"featured_media":0,"comment_status":"closed","ping_status":"closed","sticky":false,"template":"","format":"standard","meta":{"ngg_post_thumbnail":0,"footnotes":"","_links_to":"","_links_to_target":""},"categories":[8],"tags":[],"class_list":{"0":"entry","1":"post","2":"publish","3":"author-admin","4":"has-more-link","5":"post-9060","7":"format-standard","8":"category-rok-2017"},"_links":{"self":[{"href":"https:\/\/parafiarososzyca.pl\/index.php\/wp-json\/wp\/v2\/posts\/9060","targetHints":{"allow":["GET"]}}],"collection":[{"href":"https:\/\/parafiarososzyca.pl\/index.php\/wp-json\/wp\/v2\/posts"}],"about":[{"href":"https:\/\/parafiarososzyca.pl\/index.php\/wp-json\/wp\/v2\/types\/post"}],"author":[{"embeddable":true,"href":"https:\/\/parafiarososzyca.pl\/index.php\/wp-json\/wp\/v2\/users\/1"}],"replies":[{"embeddable":true,"href":"https:\/\/parafiarososzyca.pl\/index.php\/wp-json\/wp\/v2\/comments?post=9060"}],"version-history":[{"count":0,"href":"https:\/\/parafiarososzyca.pl\/index.php\/wp-json\/wp\/v2\/posts\/9060\/revisions"}],"wp:attachment":[{"href":"https:\/\/parafiarososzyca.pl\/index.php\/wp-json\/wp\/v2\/media?parent=9060"}],"wp:term":[{"taxonomy":"category","embeddable":true,"href":"https:\/\/parafiarososzyca.pl\/index.php\/wp-json\/wp\/v2\/categories?post=9060"},{"taxonomy":"post_tag","embeddable":true,"href":"https:\/\/parafiarososzyca.pl\/index.php\/wp-json\/wp\/v2\/tags?post=9060"}],"curies":[{"name":"wp","href":"https:\/\/api.w.org\/{rel}","templated":true}]}}