{"id":7785,"date":"2017-06-15T13:19:48","date_gmt":"2017-06-15T13:19:48","guid":{"rendered":"http:\/\/parafiarososzyca.pl\/?p=7785"},"modified":"2021-02-15T13:24:43","modified_gmt":"2021-02-15T13:24:43","slug":"pielgrzymka-do-lichenia","status":"publish","type":"post","link":"https:\/\/parafiarososzyca.pl\/index.php\/2017\/06\/15\/pielgrzymka-do-lichenia\/","title":{"rendered":"Pielgrzymka do Lichenia"},"content":{"rendered":"<p style=\"text-align: justify;\">Uczniowie klasy III wraz z rodzicami i opiekunami, 13 czerwca wyjechali do Lichenia, gdzie podczas uroczystej Eucharystii, sprawowanej przez ks. proboszcza Paw\u0142a Gu\u017adzio\u0142a dzi\u0119kowali za dar I Komunii \u015bw. <!--more-->By\u0142 to te\u017c pi\u0119kny czas poznawania historii i zabytk\u00f3w Lichenia oraz wsp\u00f3lnego spaceru \u015bcie\u017ckami lasu gr\u0105bli\u0144skiego. Dzie\u0144 zako\u0144czy\u0142 si\u0119 spontanicznym konkursem wiedzy, kt\u00f3ry pozwoli\u0142 utrwali\u0107 poznane fakty. Rado\u015bni, roz\u015bpiewani starsi i m\u0142odsi pielgrzymi Matce Liche\u0144skiej ofiarowali swoje rodziny i swoje \u017cycie.<\/p>\nngg_shortcode_0_placeholder\n","protected":false},"excerpt":{"rendered":"<p>Uczniowie klasy III wraz z rodzicami i opiekunami, 13 czerwca wyjechali do Lichenia, gdzie podczas uroczystej Eucharystii, sprawowanej przez ks. proboszcza Paw\u0142a Gu\u017adzio\u0142a dzi\u0119kowali za dar I Komunii \u015bw.<\/p>\n","protected":false},"author":1,"featured_media":0,"comment_status":"closed","ping_status":"closed","sticky":false,"template":"","format":"standard","meta":{"ngg_post_thumbnail":0,"footnotes":"","_links_to":"","_links_to_target":""},"categories":[8],"tags":[],"class_list":{"0":"entry","1":"post","2":"publish","3":"author-admin","4":"has-more-link","5":"post-7785","7":"format-standard","8":"category-rok-2017"},"_links":{"self":[{"href":"https:\/\/parafiarososzyca.pl\/index.php\/wp-json\/wp\/v2\/posts\/7785","targetHints":{"allow":["GET"]}}],"collection":[{"href":"https:\/\/parafiarososzyca.pl\/index.php\/wp-json\/wp\/v2\/posts"}],"about":[{"href":"https:\/\/parafiarososzyca.pl\/index.php\/wp-json\/wp\/v2\/types\/post"}],"author":[{"embeddable":true,"href":"https:\/\/parafiarososzyca.pl\/index.php\/wp-json\/wp\/v2\/users\/1"}],"replies":[{"embeddable":true,"href":"https:\/\/parafiarososzyca.pl\/index.php\/wp-json\/wp\/v2\/comments?post=7785"}],"version-history":[{"count":0,"href":"https:\/\/parafiarososzyca.pl\/index.php\/wp-json\/wp\/v2\/posts\/7785\/revisions"}],"wp:attachment":[{"href":"https:\/\/parafiarososzyca.pl\/index.php\/wp-json\/wp\/v2\/media?parent=7785"}],"wp:term":[{"taxonomy":"category","embeddable":true,"href":"https:\/\/parafiarososzyca.pl\/index.php\/wp-json\/wp\/v2\/categories?post=7785"},{"taxonomy":"post_tag","embeddable":true,"href":"https:\/\/parafiarososzyca.pl\/index.php\/wp-json\/wp\/v2\/tags?post=7785"}],"curies":[{"name":"wp","href":"https:\/\/api.w.org\/{rel}","templated":true}]}}