{"id":6674,"date":"2017-04-16T12:22:40","date_gmt":"2017-04-16T12:22:40","guid":{"rendered":"http:\/\/parafiarososzyca.pl\/?p=6674"},"modified":"2021-02-15T12:25:05","modified_gmt":"2021-02-15T12:25:05","slug":"niedziela-wielkanocna-3","status":"publish","type":"post","link":"https:\/\/parafiarososzyca.pl\/index.php\/2017\/04\/16\/niedziela-wielkanocna-3\/","title":{"rendered":"Niedziela Wielkanocna"},"content":{"rendered":"<p style=\"text-align: justify;\">Niedziela Wielkanocna (nazywana te\u017c Wielk\u0105 Niedziel\u0105, Niedziel\u0105 Zmartwychwstania Pa\u0144skiego, I niedziel\u0105 wielkanocn\u0105) to pierwszy dzie\u0144 \u015bwi\u0105t wielkanocnych. Jest to r\u00f3wnie\u017c ostatni dzie\u0144 Triduum Paschalnego, liczonego wed\u0142ug kalendarza \u017cydowskiego od wieczora Wielkiego Czwartku do wieczornych nieszpor\u00f3w w Niedziel\u0119.<!--more--><\/p>\n<p style=\"text-align: justify;\"><strong>Polska tradycja<\/strong><\/p>\n<p style=\"text-align: justify;\">Do XVIII wieku msze rezurekcyjne odprawiane by\u0142y o p\u00f3\u0142nocy. Obecnie Wielka Niedziela rozpoczyna si\u0119 porann\u0105 msz\u0105, rezurekcj\u0105 (resurrectio \u0142ac. oznacza zmartwychwstanie), kt\u00f3r\u0105 zapowiada uroczyste bicie w dzwony, g\u0142osz\u0105ce, \u017ce Chrystus zmartwychwsta\u0142. Dawniej jednocze\u015bnie s\u0142ycha\u0107 by\u0142o kanonad\u0119 ze strzelb, petard, armatek i mo\u017adzierzy, a ca\u0142y ten harmider mia\u0142 budzi\u0107 \u015bwiat do \u017cycia.<\/p>\n<p style=\"text-align: justify;\">Na pocz\u0105tku mszy wznoszony jest okrzyk rado\u015bci Alleluja (z hebr. Chwalcie Boga), b\u0119d\u0105cy przy\u015bpiewem w pie\u015bniach wielkanocnych. Oznak\u0105 rado\u015bci by\u0142y r\u00f3wnie\u017c dawniej u\u017cywane w okresie wielkanocnym pozdrowienia: Chrystus zmartwychwsta\u0142 z odpowiedzi\u0105: Zmartwychwsta\u0142 prawdziwie, kt\u00f3re zachowa\u0142y si\u0119 jeszcze w tradycji Ko\u015bcio\u0142a prawos\u0142awnego.&nbsp;<\/p>\n<p style=\"text-align: justify;\">Po powrocie do domu w gronie rodzinnym zasiada si\u0119 do uroczystego \u015bniadania wielkanocnego, kt\u00f3re rozpoczyna si\u0119 sk\u0142adaniem \u017cycze\u0144 i dzieleniem si\u0119 \u015bwi\u0119conk\u0105 z koszyczka. Na sto\u0142ach znajduj\u0105 si\u0119 jajka, w\u0119dliny, wielkanocne baby i mazurki. Sto\u0142y zdobione s\u0105 bukietami z bazi i pierwszych wiosennych kwiat\u00f3w. W niekt\u00f3rych regionach np. na \u015al\u0105sku rodzice chowali w domu, ogrodzie koszyczki ze s\u0142odyczami, prezenty od wielkanocnego zaj\u0105czka, na poszukiwanie kt\u00f3rych wyrusza\u0142y dzieci. Zwyczaj ten obecnie rozpowszechni\u0142 si\u0119 w formie obdarowywania si\u0119 w tym dniu drobnymi upominkami, tzw. zaj\u0105czkami.&nbsp;<\/p>\n<p style=\"text-align: justify;\">Pierwszy dzie\u0144 \u015bwi\u0105t tradycyjnie sp\u0119dza si\u0119 w domu, w gronie rodzinnym.<\/p>\n","protected":false},"excerpt":{"rendered":"<p>Niedziela Wielkanocna (nazywana te\u017c Wielk\u0105 Niedziel\u0105, Niedziel\u0105 Zmartwychwstania Pa\u0144skiego, I niedziel\u0105 wielkanocn\u0105) to pierwszy dzie\u0144 \u015bwi\u0105t wielkanocnych. Jest to r\u00f3wnie\u017c ostatni dzie\u0144 Triduum Paschalnego, liczonego wed\u0142ug kalendarza \u017cydowskiego od wieczora Wielkiego Czwartku do wieczornych nieszpor\u00f3w w Niedziel\u0119.<\/p>\n","protected":false},"author":1,"featured_media":0,"comment_status":"closed","ping_status":"closed","sticky":false,"template":"","format":"standard","meta":{"ngg_post_thumbnail":0,"footnotes":"","_links_to":"","_links_to_target":""},"categories":[8],"tags":[],"class_list":{"0":"entry","1":"post","2":"publish","3":"author-admin","4":"has-more-link","5":"post-6674","7":"format-standard","8":"category-rok-2017"},"_links":{"self":[{"href":"https:\/\/parafiarososzyca.pl\/index.php\/wp-json\/wp\/v2\/posts\/6674","targetHints":{"allow":["GET"]}}],"collection":[{"href":"https:\/\/parafiarososzyca.pl\/index.php\/wp-json\/wp\/v2\/posts"}],"about":[{"href":"https:\/\/parafiarososzyca.pl\/index.php\/wp-json\/wp\/v2\/types\/post"}],"author":[{"embeddable":true,"href":"https:\/\/parafiarososzyca.pl\/index.php\/wp-json\/wp\/v2\/users\/1"}],"replies":[{"embeddable":true,"href":"https:\/\/parafiarososzyca.pl\/index.php\/wp-json\/wp\/v2\/comments?post=6674"}],"version-history":[{"count":0,"href":"https:\/\/parafiarososzyca.pl\/index.php\/wp-json\/wp\/v2\/posts\/6674\/revisions"}],"wp:attachment":[{"href":"https:\/\/parafiarososzyca.pl\/index.php\/wp-json\/wp\/v2\/media?parent=6674"}],"wp:term":[{"taxonomy":"category","embeddable":true,"href":"https:\/\/parafiarososzyca.pl\/index.php\/wp-json\/wp\/v2\/categories?post=6674"},{"taxonomy":"post_tag","embeddable":true,"href":"https:\/\/parafiarososzyca.pl\/index.php\/wp-json\/wp\/v2\/tags?post=6674"}],"curies":[{"name":"wp","href":"https:\/\/api.w.org\/{rel}","templated":true}]}}