{"id":6156,"date":"2017-04-02T11:49:36","date_gmt":"2017-04-02T11:49:36","guid":{"rendered":"http:\/\/parafiarososzyca.pl\/?p=6156"},"modified":"2021-02-15T11:59:10","modified_gmt":"2021-02-15T11:59:10","slug":"uroczystosc-i-spowiedzi","status":"publish","type":"post","link":"https:\/\/parafiarososzyca.pl\/index.php\/2017\/04\/02\/uroczystosc-i-spowiedzi\/","title":{"rendered":"Uroczysto\u015b\u0107 I spowiedzi"},"content":{"rendered":"<p style=\"text-align: justify;\">W niedziel\u0119 2 kwietnia uczniowie klasy III nale\u017c\u0105cy do parafii \u015bw. Marka Ewangelisty w Rososzycy przyst\u0105pili do I spowiedzi.<!--more--><\/p>\n<p style=\"text-align: justify;\">Sakrament zosta\u0142 poprzedzony nabo\u017ce\u0144stwem pokutnym, a po spowiedzi wsp\u00f3lnie spalono kartki z grzechami a do \u201enieba\u201d wys\u0142ano balony z dobrymi uczynkami. Uroczysto\u015b\u0107 zako\u0144czy\u0142a si\u0119 spotkaniem przy kawie na sali ludowej.<\/p>\nngg_shortcode_0_placeholder\n<p style=\"text-align: justify;\">Do I spowiedzi w tym roku przyst\u0105pili:<\/p>\n<p style=\"text-align: justify;\">1.&nbsp;Bochen Piotr<br \/>\n2.&nbsp;Borowczyk Olga<br \/>\n3.&nbsp;Chwi\u0142kowski Bart\u0142omiej<br \/>\n4.&nbsp;Dewicka Nadia<br \/>\n5.&nbsp;Gabrysiak Dominika<br \/>\n6.&nbsp;Go\u015bciniak Nikola<br \/>\n7.&nbsp;Joks Bartosz<br \/>\n8.&nbsp;Kois Jakub<br \/>\n9.&nbsp;Koto\u0144ski Adrian<br \/>\n10.&nbsp;Kowalski Bartosz<br \/>\n11.&nbsp;Kurzawa Adrian<br \/>\n12.&nbsp;Kurzawa B\u0142a\u017cej<br \/>\n13.&nbsp;Kurzawa Roksana<br \/>\n14.&nbsp;\u0141awniczak Szymon<br \/>\n15.&nbsp;Malinowski Bartosz<br \/>\n16.&nbsp;Pachulska Wiktoria<br \/>\n17.&nbsp;Sawicki Daniel<br \/>\n18.&nbsp;Turek Adam<br \/>\n19.&nbsp;Warga Michalina<\/p>\n","protected":false},"excerpt":{"rendered":"<p>W niedziel\u0119 2 kwietnia uczniowie klasy III nale\u017c\u0105cy do parafii \u015bw. Marka Ewangelisty w Rososzycy przyst\u0105pili do I spowiedzi.<\/p>\n","protected":false},"author":1,"featured_media":0,"comment_status":"closed","ping_status":"closed","sticky":false,"template":"","format":"standard","meta":{"ngg_post_thumbnail":0,"footnotes":"","_links_to":"","_links_to_target":""},"categories":[8],"tags":[],"class_list":{"0":"entry","1":"post","2":"publish","3":"author-admin","4":"has-more-link","5":"post-6156","7":"format-standard","8":"category-rok-2017"},"_links":{"self":[{"href":"https:\/\/parafiarososzyca.pl\/index.php\/wp-json\/wp\/v2\/posts\/6156","targetHints":{"allow":["GET"]}}],"collection":[{"href":"https:\/\/parafiarososzyca.pl\/index.php\/wp-json\/wp\/v2\/posts"}],"about":[{"href":"https:\/\/parafiarososzyca.pl\/index.php\/wp-json\/wp\/v2\/types\/post"}],"author":[{"embeddable":true,"href":"https:\/\/parafiarososzyca.pl\/index.php\/wp-json\/wp\/v2\/users\/1"}],"replies":[{"embeddable":true,"href":"https:\/\/parafiarososzyca.pl\/index.php\/wp-json\/wp\/v2\/comments?post=6156"}],"version-history":[{"count":0,"href":"https:\/\/parafiarososzyca.pl\/index.php\/wp-json\/wp\/v2\/posts\/6156\/revisions"}],"wp:attachment":[{"href":"https:\/\/parafiarososzyca.pl\/index.php\/wp-json\/wp\/v2\/media?parent=6156"}],"wp:term":[{"taxonomy":"category","embeddable":true,"href":"https:\/\/parafiarososzyca.pl\/index.php\/wp-json\/wp\/v2\/categories?post=6156"},{"taxonomy":"post_tag","embeddable":true,"href":"https:\/\/parafiarososzyca.pl\/index.php\/wp-json\/wp\/v2\/tags?post=6156"}],"curies":[{"name":"wp","href":"https:\/\/api.w.org\/{rel}","templated":true}]}}