{"id":6021,"date":"2017-03-13T11:35:33","date_gmt":"2017-03-13T11:35:33","guid":{"rendered":"http:\/\/parafiarososzyca.pl\/?p=6021"},"modified":"2021-02-15T11:38:35","modified_gmt":"2021-02-15T11:38:35","slug":"nowi-ministranci-2","status":"publish","type":"post","link":"https:\/\/parafiarososzyca.pl\/index.php\/2017\/03\/13\/nowi-ministranci-2\/","title":{"rendered":"Nowi ministranci"},"content":{"rendered":"<p style=\"text-align: justify;\">W niedziel\u0119 13 marca w ko\u015bciele \u015bw. Marka Ewangelisty w Rososzycy ks. proboszcz Pawe\u0142 Gu\u017adzio\u0142 przyj\u0105\u0142 w sk\u0142ad liturgicznej s\u0142u\u017cby o\u0142tarza nowych ministrant\u00f3w.<!--more--><\/p>\nngg_shortcode_0_placeholder\n<p style=\"text-align: justify;\">\nJu\u017c od pa\u017adziernika trwa\u0142y spotkania z ch\u0142opcami przygotowuj\u0105cymi si\u0119 do s\u0142u\u017cby, poznawali oni zasady ministranta, kszta\u0142towali postawy chrze\u015bcija\u0144skie i praktycznie \u0107wiczyli, by naby\u0107 sprawno\u015b\u0107 w wykonywaniu funkcji liturgicznych. Tomek Malinowski z klasy V, Bartosz Kotas i Oliwier Nosal z klasy IV oraz Daniel Sawicki i Jakub Kois z klasy III do\u0142\u0105czyli do grupy rososzyckich ministrant\u00f3w.<\/p>\n","protected":false},"excerpt":{"rendered":"<p>W niedziel\u0119 13 marca w ko\u015bciele \u015bw. Marka Ewangelisty w Rososzycy ks. proboszcz Pawe\u0142 Gu\u017adzio\u0142 przyj\u0105\u0142 w sk\u0142ad liturgicznej s\u0142u\u017cby o\u0142tarza nowych ministrant\u00f3w.<\/p>\n","protected":false},"author":1,"featured_media":0,"comment_status":"closed","ping_status":"closed","sticky":false,"template":"","format":"standard","meta":{"ngg_post_thumbnail":0,"footnotes":"","_links_to":"","_links_to_target":""},"categories":[8],"tags":[],"class_list":{"0":"entry","1":"post","2":"publish","3":"author-admin","4":"has-more-link","5":"post-6021","7":"format-standard","8":"category-rok-2017"},"_links":{"self":[{"href":"https:\/\/parafiarososzyca.pl\/index.php\/wp-json\/wp\/v2\/posts\/6021","targetHints":{"allow":["GET"]}}],"collection":[{"href":"https:\/\/parafiarososzyca.pl\/index.php\/wp-json\/wp\/v2\/posts"}],"about":[{"href":"https:\/\/parafiarososzyca.pl\/index.php\/wp-json\/wp\/v2\/types\/post"}],"author":[{"embeddable":true,"href":"https:\/\/parafiarososzyca.pl\/index.php\/wp-json\/wp\/v2\/users\/1"}],"replies":[{"embeddable":true,"href":"https:\/\/parafiarososzyca.pl\/index.php\/wp-json\/wp\/v2\/comments?post=6021"}],"version-history":[{"count":0,"href":"https:\/\/parafiarososzyca.pl\/index.php\/wp-json\/wp\/v2\/posts\/6021\/revisions"}],"wp:attachment":[{"href":"https:\/\/parafiarososzyca.pl\/index.php\/wp-json\/wp\/v2\/media?parent=6021"}],"wp:term":[{"taxonomy":"category","embeddable":true,"href":"https:\/\/parafiarososzyca.pl\/index.php\/wp-json\/wp\/v2\/categories?post=6021"},{"taxonomy":"post_tag","embeddable":true,"href":"https:\/\/parafiarososzyca.pl\/index.php\/wp-json\/wp\/v2\/tags?post=6021"}],"curies":[{"name":"wp","href":"https:\/\/api.w.org\/{rel}","templated":true}]}}