{"id":5913,"date":"2017-01-13T11:26:02","date_gmt":"2017-01-13T11:26:02","guid":{"rendered":"http:\/\/parafiarososzyca.pl\/?p=5913"},"modified":"2021-02-15T11:29:54","modified_gmt":"2021-02-15T11:29:54","slug":"z-koleda-na-ustach","status":"publish","type":"post","link":"https:\/\/parafiarososzyca.pl\/index.php\/2017\/01\/13\/z-koleda-na-ustach\/","title":{"rendered":"Z kol\u0119d\u0105 na ustach"},"content":{"rendered":"<p style=\"text-align: justify;\">W parafii \u015bw. Marka Ewangelisty w Rososzycy w \u015bwi\u0119to Objawienia Pa\u0144skiego we wszystkich miejscowo\u015bciach parafii wyruszyli po raz pierwszy kol\u0119dnicy misyjni.<!--more--><\/p>\n<p style=\"text-align: justify;\">Z dobrym s\u0142owem b\u0142ogos\u0142awie\u0144stwem i kol\u0119d\u0105 prosili mieszka\u0144c\u00f3w Rososzycy, Psar i Sieroszewic o dobrowolne ofiary na rzecz misji. W kol\u0119dowanie zaanga\u017cowa\u0142y si\u0119 44 osoby, a dzie\u0144 ten by\u0142 wyj\u0105tkowo mro\u017any. Uzbierano 2100 z\u0142otych na ratowanie dzieci z Tajlandii. Za \u017cyczliwo\u015b\u0107, otwarto\u015b\u0107 i dobre serce wszystkim serdecznie dzi\u0119kujemy.<\/p>\nngg_shortcode_0_placeholder\n","protected":false},"excerpt":{"rendered":"<p>W parafii \u015bw. Marka Ewangelisty w Rososzycy w \u015bwi\u0119to Objawienia Pa\u0144skiego we wszystkich miejscowo\u015bciach parafii wyruszyli po raz pierwszy kol\u0119dnicy misyjni.<\/p>\n","protected":false},"author":1,"featured_media":0,"comment_status":"closed","ping_status":"closed","sticky":false,"template":"","format":"standard","meta":{"ngg_post_thumbnail":0,"footnotes":"","_links_to":"","_links_to_target":""},"categories":[8],"tags":[],"class_list":{"0":"entry","1":"post","2":"publish","3":"author-admin","4":"has-more-link","5":"post-5913","7":"format-standard","8":"category-rok-2017"},"_links":{"self":[{"href":"https:\/\/parafiarososzyca.pl\/index.php\/wp-json\/wp\/v2\/posts\/5913","targetHints":{"allow":["GET"]}}],"collection":[{"href":"https:\/\/parafiarososzyca.pl\/index.php\/wp-json\/wp\/v2\/posts"}],"about":[{"href":"https:\/\/parafiarososzyca.pl\/index.php\/wp-json\/wp\/v2\/types\/post"}],"author":[{"embeddable":true,"href":"https:\/\/parafiarososzyca.pl\/index.php\/wp-json\/wp\/v2\/users\/1"}],"replies":[{"embeddable":true,"href":"https:\/\/parafiarososzyca.pl\/index.php\/wp-json\/wp\/v2\/comments?post=5913"}],"version-history":[{"count":0,"href":"https:\/\/parafiarososzyca.pl\/index.php\/wp-json\/wp\/v2\/posts\/5913\/revisions"}],"wp:attachment":[{"href":"https:\/\/parafiarososzyca.pl\/index.php\/wp-json\/wp\/v2\/media?parent=5913"}],"wp:term":[{"taxonomy":"category","embeddable":true,"href":"https:\/\/parafiarososzyca.pl\/index.php\/wp-json\/wp\/v2\/categories?post=5913"},{"taxonomy":"post_tag","embeddable":true,"href":"https:\/\/parafiarososzyca.pl\/index.php\/wp-json\/wp\/v2\/tags?post=5913"}],"curies":[{"name":"wp","href":"https:\/\/api.w.org\/{rel}","templated":true}]}}