{"id":5634,"date":"2016-11-27T07:49:39","date_gmt":"2016-11-27T07:49:39","guid":{"rendered":"http:\/\/parafiarososzyca.pl\/?p=5634"},"modified":"2021-02-15T07:50:58","modified_gmt":"2021-02-15T07:50:58","slug":"akcja-swiateczna-serce-nie-tylko-z-piernika","status":"publish","type":"post","link":"https:\/\/parafiarososzyca.pl\/index.php\/2016\/11\/27\/akcja-swiateczna-serce-nie-tylko-z-piernika\/","title":{"rendered":"Akcja \u015bwi\u0105teczna \u201eSERCE, nie tylko z piernika\u201d"},"content":{"rendered":"<p style=\"text-align: justify;\">3 i 4 grudnia 2016 r. (sobota i niedziela) po Mszach \u015bw. sprzedawane b\u0119d\u0105 pierniki, kt\u00f3re upieczone zostan\u0105 w cukierni specjalnie dla naszej parafii. Pieni\u0105dze ze sprzeda\u017cy przeznaczone zostan\u0105 na cele charytatywne.&nbsp;&nbsp;<\/p>\n<p style=\"text-align: justify;\">Liczymy na \u017cyczliwo\u015b\u0107 i otwarte serca naszych Parafian.&nbsp;<\/p>\n<p style=\"text-align: justify;\">Grupa Charytatywna<\/p>\n","protected":false},"excerpt":{"rendered":"<p>3 i 4 grudnia 2016 r. (sobota i niedziela) po Mszach \u015bw. sprzedawane b\u0119d\u0105 pierniki, kt\u00f3re upieczone zostan\u0105 w cukierni specjalnie dla naszej parafii. Pieni\u0105dze ze sprzeda\u017cy przeznaczone zostan\u0105 na cele charytatywne.&nbsp;&nbsp; Liczymy na \u017cyczliwo\u015b\u0107 i otwarte serca naszych Parafian.&nbsp; Grupa Charytatywna<\/p>\n","protected":false},"author":1,"featured_media":0,"comment_status":"closed","ping_status":"closed","sticky":false,"template":"","format":"standard","meta":{"ngg_post_thumbnail":0,"footnotes":"","_links_to":"","_links_to_target":""},"categories":[7],"tags":[],"class_list":{"0":"entry","1":"post","2":"publish","3":"author-admin","4":"post-5634","6":"format-standard","7":"category-rok-2016"},"_links":{"self":[{"href":"https:\/\/parafiarososzyca.pl\/index.php\/wp-json\/wp\/v2\/posts\/5634","targetHints":{"allow":["GET"]}}],"collection":[{"href":"https:\/\/parafiarososzyca.pl\/index.php\/wp-json\/wp\/v2\/posts"}],"about":[{"href":"https:\/\/parafiarososzyca.pl\/index.php\/wp-json\/wp\/v2\/types\/post"}],"author":[{"embeddable":true,"href":"https:\/\/parafiarososzyca.pl\/index.php\/wp-json\/wp\/v2\/users\/1"}],"replies":[{"embeddable":true,"href":"https:\/\/parafiarososzyca.pl\/index.php\/wp-json\/wp\/v2\/comments?post=5634"}],"version-history":[{"count":0,"href":"https:\/\/parafiarososzyca.pl\/index.php\/wp-json\/wp\/v2\/posts\/5634\/revisions"}],"wp:attachment":[{"href":"https:\/\/parafiarososzyca.pl\/index.php\/wp-json\/wp\/v2\/media?parent=5634"}],"wp:term":[{"taxonomy":"category","embeddable":true,"href":"https:\/\/parafiarososzyca.pl\/index.php\/wp-json\/wp\/v2\/categories?post=5634"},{"taxonomy":"post_tag","embeddable":true,"href":"https:\/\/parafiarososzyca.pl\/index.php\/wp-json\/wp\/v2\/tags?post=5634"}],"curies":[{"name":"wp","href":"https:\/\/api.w.org\/{rel}","templated":true}]}}