{"id":5336,"date":"2016-10-14T20:52:04","date_gmt":"2016-10-14T20:52:04","guid":{"rendered":"http:\/\/parafiarososzyca.pl\/?p=5336"},"modified":"2021-02-14T20:54:46","modified_gmt":"2021-02-14T20:54:46","slug":"poswiecenie-rozancow","status":"publish","type":"post","link":"https:\/\/parafiarososzyca.pl\/index.php\/2016\/10\/14\/poswiecenie-rozancow\/","title":{"rendered":"Po\u015bwi\u0119cenie r\u00f3\u017ca\u0144c\u00f3w"},"content":{"rendered":"<p style=\"text-align: justify;\">W pierwsz\u0105 niedziel\u0119 pa\u017adziernika ksi\u0105dz proboszcz Pawe\u0142 Gu\u017adzio\u0142 po\u015bwi\u0119ci\u0142 r\u00f3\u017ca\u0144ce dzieciom przygotowuj\u0105cym si\u0119 do pierwszej komunii \u015bw.<!--more--><\/p>\nngg_shortcode_0_placeholder\n","protected":false},"excerpt":{"rendered":"<p>W pierwsz\u0105 niedziel\u0119 pa\u017adziernika ksi\u0105dz proboszcz Pawe\u0142 Gu\u017adzio\u0142 po\u015bwi\u0119ci\u0142 r\u00f3\u017ca\u0144ce dzieciom przygotowuj\u0105cym si\u0119 do pierwszej komunii \u015bw.<\/p>\n","protected":false},"author":1,"featured_media":0,"comment_status":"closed","ping_status":"closed","sticky":false,"template":"","format":"standard","meta":{"ngg_post_thumbnail":0,"footnotes":"","_links_to":"","_links_to_target":""},"categories":[7],"tags":[],"class_list":{"0":"entry","1":"post","2":"publish","3":"author-admin","4":"has-more-link","5":"post-5336","7":"format-standard","8":"category-rok-2016"},"_links":{"self":[{"href":"https:\/\/parafiarososzyca.pl\/index.php\/wp-json\/wp\/v2\/posts\/5336","targetHints":{"allow":["GET"]}}],"collection":[{"href":"https:\/\/parafiarososzyca.pl\/index.php\/wp-json\/wp\/v2\/posts"}],"about":[{"href":"https:\/\/parafiarososzyca.pl\/index.php\/wp-json\/wp\/v2\/types\/post"}],"author":[{"embeddable":true,"href":"https:\/\/parafiarososzyca.pl\/index.php\/wp-json\/wp\/v2\/users\/1"}],"replies":[{"embeddable":true,"href":"https:\/\/parafiarososzyca.pl\/index.php\/wp-json\/wp\/v2\/comments?post=5336"}],"version-history":[{"count":0,"href":"https:\/\/parafiarososzyca.pl\/index.php\/wp-json\/wp\/v2\/posts\/5336\/revisions"}],"wp:attachment":[{"href":"https:\/\/parafiarososzyca.pl\/index.php\/wp-json\/wp\/v2\/media?parent=5336"}],"wp:term":[{"taxonomy":"category","embeddable":true,"href":"https:\/\/parafiarososzyca.pl\/index.php\/wp-json\/wp\/v2\/categories?post=5336"},{"taxonomy":"post_tag","embeddable":true,"href":"https:\/\/parafiarososzyca.pl\/index.php\/wp-json\/wp\/v2\/tags?post=5336"}],"curies":[{"name":"wp","href":"https:\/\/api.w.org\/{rel}","templated":true}]}}