{"id":515,"date":"2014-05-26T12:38:16","date_gmt":"2014-05-26T12:38:16","guid":{"rendered":"http:\/\/parafiarososzyca.pl\/?p=515"},"modified":"2021-02-13T12:43:54","modified_gmt":"2021-02-13T12:43:54","slug":"rocznica-i-komunii-swietej","status":"publish","type":"post","link":"https:\/\/parafiarososzyca.pl\/index.php\/2014\/05\/26\/rocznica-i-komunii-swietej\/","title":{"rendered":"Rocznica I Komunii \u015awi\u0119tej"},"content":{"rendered":"<p style=\"text-align: justify;\">25 maja obchodzili\u015bmy w naszym ko\u015bciele uroczysto\u015b\u0107 rocznicy Komunii \u015bw. 22 uczni\u00f3w klasy III z Rososzycy, Psar i Sieroszewic na nowo przypomnia\u0142o czas I Komunii. Uroczysto\u015b\u0107 ta w naszej parafii zwi\u0105zana jest z Dniem Matki.&nbsp;<\/p>\nngg_shortcode_0_placeholder\n","protected":false},"excerpt":{"rendered":"<p>25 maja obchodzili\u015bmy w naszym ko\u015bciele uroczysto\u015b\u0107 rocznicy Komunii \u015bw. 22 uczni\u00f3w klasy III z Rososzycy, Psar i Sieroszewic na nowo przypomnia\u0142o czas I Komunii. Uroczysto\u015b\u0107 ta w naszej parafii zwi\u0105zana jest z Dniem Matki.&nbsp;<\/p>\n","protected":false},"author":1,"featured_media":0,"comment_status":"closed","ping_status":"closed","sticky":false,"template":"","format":"standard","meta":{"ngg_post_thumbnail":0,"footnotes":"","_links_to":"","_links_to_target":""},"categories":[2],"tags":[],"class_list":{"0":"entry","1":"post","2":"publish","3":"author-admin","4":"post-515","6":"format-standard","7":"category-rok2014"},"_links":{"self":[{"href":"https:\/\/parafiarososzyca.pl\/index.php\/wp-json\/wp\/v2\/posts\/515","targetHints":{"allow":["GET"]}}],"collection":[{"href":"https:\/\/parafiarososzyca.pl\/index.php\/wp-json\/wp\/v2\/posts"}],"about":[{"href":"https:\/\/parafiarososzyca.pl\/index.php\/wp-json\/wp\/v2\/types\/post"}],"author":[{"embeddable":true,"href":"https:\/\/parafiarososzyca.pl\/index.php\/wp-json\/wp\/v2\/users\/1"}],"replies":[{"embeddable":true,"href":"https:\/\/parafiarososzyca.pl\/index.php\/wp-json\/wp\/v2\/comments?post=515"}],"version-history":[{"count":0,"href":"https:\/\/parafiarososzyca.pl\/index.php\/wp-json\/wp\/v2\/posts\/515\/revisions"}],"wp:attachment":[{"href":"https:\/\/parafiarososzyca.pl\/index.php\/wp-json\/wp\/v2\/media?parent=515"}],"wp:term":[{"taxonomy":"category","embeddable":true,"href":"https:\/\/parafiarososzyca.pl\/index.php\/wp-json\/wp\/v2\/categories?post=515"},{"taxonomy":"post_tag","embeddable":true,"href":"https:\/\/parafiarososzyca.pl\/index.php\/wp-json\/wp\/v2\/tags?post=515"}],"curies":[{"name":"wp","href":"https:\/\/api.w.org\/{rel}","templated":true}]}}