{"id":5139,"date":"2016-08-28T20:36:32","date_gmt":"2016-08-28T20:36:32","guid":{"rendered":"http:\/\/parafiarososzyca.pl\/?p=5139"},"modified":"2021-02-14T20:40:43","modified_gmt":"2021-02-14T20:40:43","slug":"dozynki-diecezjalno-wojewodzkie","status":"publish","type":"post","link":"https:\/\/parafiarososzyca.pl\/index.php\/2016\/08\/28\/dozynki-diecezjalno-wojewodzkie\/","title":{"rendered":"Do\u017cynki diecezjalno-wojew\u00f3dzkie"},"content":{"rendered":"<p style=\"text-align: justify;\">W tym roku podzi\u0119kowanie za plony wojew\u00f3dztwa wielkopolskiego i diecezji&nbsp; kaliskiej zosta\u0142y zorganizowane w Liskowie. Podczas tych do\u017cynek dekanat o\u0142obocki reprezentowa\u0142a parafia w Rososzycy. Popatrzmy na zdj\u0119cia\u2026<!--more--><\/p>\nngg_shortcode_0_placeholder\n","protected":false},"excerpt":{"rendered":"<p>W tym roku podzi\u0119kowanie za plony wojew\u00f3dztwa wielkopolskiego i diecezji&nbsp; kaliskiej zosta\u0142y zorganizowane w Liskowie. Podczas tych do\u017cynek dekanat o\u0142obocki reprezentowa\u0142a parafia w Rososzycy. Popatrzmy na zdj\u0119cia\u2026<\/p>\n","protected":false},"author":1,"featured_media":0,"comment_status":"closed","ping_status":"closed","sticky":false,"template":"","format":"standard","meta":{"ngg_post_thumbnail":0,"footnotes":"","_links_to":"","_links_to_target":""},"categories":[7],"tags":[],"class_list":{"0":"entry","1":"post","2":"publish","3":"author-admin","4":"has-more-link","5":"post-5139","7":"format-standard","8":"category-rok-2016"},"_links":{"self":[{"href":"https:\/\/parafiarososzyca.pl\/index.php\/wp-json\/wp\/v2\/posts\/5139","targetHints":{"allow":["GET"]}}],"collection":[{"href":"https:\/\/parafiarososzyca.pl\/index.php\/wp-json\/wp\/v2\/posts"}],"about":[{"href":"https:\/\/parafiarososzyca.pl\/index.php\/wp-json\/wp\/v2\/types\/post"}],"author":[{"embeddable":true,"href":"https:\/\/parafiarososzyca.pl\/index.php\/wp-json\/wp\/v2\/users\/1"}],"replies":[{"embeddable":true,"href":"https:\/\/parafiarososzyca.pl\/index.php\/wp-json\/wp\/v2\/comments?post=5139"}],"version-history":[{"count":0,"href":"https:\/\/parafiarososzyca.pl\/index.php\/wp-json\/wp\/v2\/posts\/5139\/revisions"}],"wp:attachment":[{"href":"https:\/\/parafiarososzyca.pl\/index.php\/wp-json\/wp\/v2\/media?parent=5139"}],"wp:term":[{"taxonomy":"category","embeddable":true,"href":"https:\/\/parafiarososzyca.pl\/index.php\/wp-json\/wp\/v2\/categories?post=5139"},{"taxonomy":"post_tag","embeddable":true,"href":"https:\/\/parafiarososzyca.pl\/index.php\/wp-json\/wp\/v2\/tags?post=5139"}],"curies":[{"name":"wp","href":"https:\/\/api.w.org\/{rel}","templated":true}]}}