{"id":513,"date":"2014-05-12T12:36:18","date_gmt":"2014-05-12T12:36:18","guid":{"rendered":"http:\/\/parafiarososzyca.pl\/?p=513"},"modified":"2021-02-13T12:37:11","modified_gmt":"2021-02-13T12:37:11","slug":"kremowki","status":"publish","type":"post","link":"https:\/\/parafiarososzyca.pl\/index.php\/2014\/05\/12\/kremowki\/","title":{"rendered":"Krem\u00f3wki"},"content":{"rendered":"<p>18 maja to dzie\u0144 urodzin \u015bwi\u0119tego Jana Paw\u0142a II. Z tej okazji 17 i 18 maja 2014 r. (sobota i niedziela) w ko\u015bciele po Mszach \u015bw. sprzedawane b\u0119d\u0105 krem\u00f3wki. Pieni\u0105dze ze sprzeda\u017cy przeznaczone zostan\u0105 na cele charytatywne.<\/p>\n<p>Grupa Charytatywna<\/p>\n","protected":false},"excerpt":{"rendered":"<p>18 maja to dzie\u0144 urodzin \u015bwi\u0119tego Jana Paw\u0142a II. Z tej okazji 17 i 18 maja 2014 r. (sobota i niedziela) w ko\u015bciele po Mszach \u015bw. sprzedawane b\u0119d\u0105 krem\u00f3wki. Pieni\u0105dze ze sprzeda\u017cy przeznaczone zostan\u0105 na cele charytatywne. Grupa Charytatywna<\/p>\n","protected":false},"author":1,"featured_media":0,"comment_status":"closed","ping_status":"closed","sticky":false,"template":"","format":"standard","meta":{"ngg_post_thumbnail":0,"footnotes":"","_links_to":"","_links_to_target":""},"categories":[2],"tags":[],"class_list":{"0":"entry","1":"post","2":"publish","3":"author-admin","4":"post-513","6":"format-standard","7":"category-rok2014"},"_links":{"self":[{"href":"https:\/\/parafiarososzyca.pl\/index.php\/wp-json\/wp\/v2\/posts\/513","targetHints":{"allow":["GET"]}}],"collection":[{"href":"https:\/\/parafiarososzyca.pl\/index.php\/wp-json\/wp\/v2\/posts"}],"about":[{"href":"https:\/\/parafiarososzyca.pl\/index.php\/wp-json\/wp\/v2\/types\/post"}],"author":[{"embeddable":true,"href":"https:\/\/parafiarososzyca.pl\/index.php\/wp-json\/wp\/v2\/users\/1"}],"replies":[{"embeddable":true,"href":"https:\/\/parafiarososzyca.pl\/index.php\/wp-json\/wp\/v2\/comments?post=513"}],"version-history":[{"count":0,"href":"https:\/\/parafiarososzyca.pl\/index.php\/wp-json\/wp\/v2\/posts\/513\/revisions"}],"wp:attachment":[{"href":"https:\/\/parafiarososzyca.pl\/index.php\/wp-json\/wp\/v2\/media?parent=513"}],"wp:term":[{"taxonomy":"category","embeddable":true,"href":"https:\/\/parafiarososzyca.pl\/index.php\/wp-json\/wp\/v2\/categories?post=513"},{"taxonomy":"post_tag","embeddable":true,"href":"https:\/\/parafiarososzyca.pl\/index.php\/wp-json\/wp\/v2\/tags?post=513"}],"curies":[{"name":"wp","href":"https:\/\/api.w.org\/{rel}","templated":true}]}}