{"id":5096,"date":"2016-08-10T20:26:34","date_gmt":"2016-08-10T20:26:34","guid":{"rendered":"http:\/\/parafiarososzyca.pl\/?p=5096"},"modified":"2021-02-14T20:29:28","modified_gmt":"2021-02-14T20:29:28","slug":"grupa-zielona-w-rososzycy","status":"publish","type":"post","link":"https:\/\/parafiarososzyca.pl\/index.php\/2016\/08\/10\/grupa-zielona-w-rososzycy\/","title":{"rendered":"Grupa &#8222;Zielona&#8221; w Rososzycy"},"content":{"rendered":"<p style=\"text-align: justify;\">Jak co roku 9 sierpnia do naszej parafii zawita\u0142a grupa zielona, kt\u00f3ra pielgrzymuje jako grupa promienista pielgrzymki kaliskiej z Ostrowa Wlkp. na Jasn\u0105 G\u00f3r\u0119. W pierwszym dniu w\u0119dr\u00f3wki p\u0105tnicy zatrzymuj\u0105 si\u0119 u nas na obiad. W tym roku odwiedzi\u0142o nas 120 pielgrzym\u00f3w. Szczeg\u00f3lnie mi\u0142o by\u0142o wita\u0107 w\u015br\u00f3d nich mieszka\u0144c\u00f3w naszej parafii.<!--more--><\/p>\nngg_shortcode_0_placeholder\n","protected":false},"excerpt":{"rendered":"<p>Jak co roku 9 sierpnia do naszej parafii zawita\u0142a grupa zielona, kt\u00f3ra pielgrzymuje jako grupa promienista pielgrzymki kaliskiej z Ostrowa Wlkp. na Jasn\u0105 G\u00f3r\u0119. W pierwszym dniu w\u0119dr\u00f3wki p\u0105tnicy zatrzymuj\u0105 si\u0119 u nas na obiad. W tym roku odwiedzi\u0142o nas 120 pielgrzym\u00f3w. Szczeg\u00f3lnie mi\u0142o by\u0142o wita\u0107 w\u015br\u00f3d nich mieszka\u0144c\u00f3w naszej parafii.<\/p>\n","protected":false},"author":1,"featured_media":0,"comment_status":"closed","ping_status":"closed","sticky":false,"template":"","format":"standard","meta":{"ngg_post_thumbnail":0,"footnotes":"","_links_to":"","_links_to_target":""},"categories":[7],"tags":[],"class_list":{"0":"entry","1":"post","2":"publish","3":"author-admin","4":"has-more-link","5":"post-5096","7":"format-standard","8":"category-rok-2016"},"_links":{"self":[{"href":"https:\/\/parafiarososzyca.pl\/index.php\/wp-json\/wp\/v2\/posts\/5096","targetHints":{"allow":["GET"]}}],"collection":[{"href":"https:\/\/parafiarososzyca.pl\/index.php\/wp-json\/wp\/v2\/posts"}],"about":[{"href":"https:\/\/parafiarososzyca.pl\/index.php\/wp-json\/wp\/v2\/types\/post"}],"author":[{"embeddable":true,"href":"https:\/\/parafiarososzyca.pl\/index.php\/wp-json\/wp\/v2\/users\/1"}],"replies":[{"embeddable":true,"href":"https:\/\/parafiarososzyca.pl\/index.php\/wp-json\/wp\/v2\/comments?post=5096"}],"version-history":[{"count":0,"href":"https:\/\/parafiarososzyca.pl\/index.php\/wp-json\/wp\/v2\/posts\/5096\/revisions"}],"wp:attachment":[{"href":"https:\/\/parafiarososzyca.pl\/index.php\/wp-json\/wp\/v2\/media?parent=5096"}],"wp:term":[{"taxonomy":"category","embeddable":true,"href":"https:\/\/parafiarososzyca.pl\/index.php\/wp-json\/wp\/v2\/categories?post=5096"},{"taxonomy":"post_tag","embeddable":true,"href":"https:\/\/parafiarososzyca.pl\/index.php\/wp-json\/wp\/v2\/tags?post=5096"}],"curies":[{"name":"wp","href":"https:\/\/api.w.org\/{rel}","templated":true}]}}