{"id":504,"date":"2014-04-19T12:06:37","date_gmt":"2014-04-19T12:06:37","guid":{"rendered":"http:\/\/parafiarososzyca.pl\/?p=504"},"modified":"2021-02-13T12:07:16","modified_gmt":"2021-02-13T12:07:16","slug":"swiecenie-potraw","status":"publish","type":"post","link":"https:\/\/parafiarososzyca.pl\/index.php\/2014\/04\/19\/swiecenie-potraw\/","title":{"rendered":"\u015awi\u0119cenie potraw"},"content":{"rendered":"<p>\u015awi\u0119cenie potraw w Rososzycy o godz 14.00 i 16.00, w Sieroszewicach u Pana Mazurka o godz 14.30, w Psarach w DPS godz 11.00, na sali o godz 15.00<\/p>\n","protected":false},"excerpt":{"rendered":"<p>\u015awi\u0119cenie potraw w Rososzycy o godz 14.00 i 16.00, w Sieroszewicach u Pana Mazurka o godz 14.30, w Psarach w DPS godz 11.00, na sali o godz 15.00<\/p>\n","protected":false},"author":1,"featured_media":0,"comment_status":"closed","ping_status":"closed","sticky":false,"template":"","format":"standard","meta":{"ngg_post_thumbnail":0,"footnotes":"","_links_to":"","_links_to_target":""},"categories":[2],"tags":[],"class_list":{"0":"entry","1":"post","2":"publish","3":"author-admin","4":"post-504","6":"format-standard","7":"category-rok2014"},"_links":{"self":[{"href":"https:\/\/parafiarososzyca.pl\/index.php\/wp-json\/wp\/v2\/posts\/504","targetHints":{"allow":["GET"]}}],"collection":[{"href":"https:\/\/parafiarososzyca.pl\/index.php\/wp-json\/wp\/v2\/posts"}],"about":[{"href":"https:\/\/parafiarososzyca.pl\/index.php\/wp-json\/wp\/v2\/types\/post"}],"author":[{"embeddable":true,"href":"https:\/\/parafiarososzyca.pl\/index.php\/wp-json\/wp\/v2\/users\/1"}],"replies":[{"embeddable":true,"href":"https:\/\/parafiarososzyca.pl\/index.php\/wp-json\/wp\/v2\/comments?post=504"}],"version-history":[{"count":0,"href":"https:\/\/parafiarososzyca.pl\/index.php\/wp-json\/wp\/v2\/posts\/504\/revisions"}],"wp:attachment":[{"href":"https:\/\/parafiarososzyca.pl\/index.php\/wp-json\/wp\/v2\/media?parent=504"}],"wp:term":[{"taxonomy":"category","embeddable":true,"href":"https:\/\/parafiarososzyca.pl\/index.php\/wp-json\/wp\/v2\/categories?post=504"},{"taxonomy":"post_tag","embeddable":true,"href":"https:\/\/parafiarososzyca.pl\/index.php\/wp-json\/wp\/v2\/tags?post=504"}],"curies":[{"name":"wp","href":"https:\/\/api.w.org\/{rel}","templated":true}]}}