{"id":4473,"date":"2016-05-08T19:54:28","date_gmt":"2016-05-08T19:54:28","guid":{"rendered":"http:\/\/parafiarososzyca.pl\/?p=4473"},"modified":"2021-02-14T20:08:28","modified_gmt":"2021-02-14T20:08:28","slug":"pierwsza-komunia-swieta-2016","status":"publish","type":"post","link":"https:\/\/parafiarososzyca.pl\/index.php\/2016\/05\/08\/pierwsza-komunia-swieta-2016\/","title":{"rendered":"Pierwsza Komunia \u015awi\u0119ta 2016"},"content":{"rendered":"<p style=\"text-align: justify;\">8 maja w s\u0142oneczne, niedzielne przedpo\u0142udnie 12 dzieci z naszej parafii po raz pierwszy przyst\u0105pi\u0142o do Pierwszej Komunii \u015awi\u0119tej. Wzruszeni rodzice udzielili dzieciom b\u0142ogos\u0142awie\u0144stwa, nast\u0119pnie odnowione zosta\u0142y przyrzeczenia z Chrztu \u015aw.<\/p>\n<p><a href=\"http:\/\/parafiarososzyca.pl\/wp-content\/uploads\/2014\/01\/pierwszakomuniaswieta2016.jpg\"><img loading=\"lazy\" decoding=\"async\" class=\"aligncenter wp-image-326\" src=\"http:\/\/parafiarososzyca.pl\/wp-content\/uploads\/2014\/01\/pierwszakomuniaswieta2016-300x214.jpg\" alt=\"\" width=\"500\" height=\"357\" srcset=\"https:\/\/parafiarososzyca.pl\/wp-content\/uploads\/2014\/01\/pierwszakomuniaswieta2016-300x214.jpg 300w, https:\/\/parafiarososzyca.pl\/wp-content\/uploads\/2014\/01\/pierwszakomuniaswieta2016-1024x732.jpg 1024w, https:\/\/parafiarososzyca.pl\/wp-content\/uploads\/2014\/01\/pierwszakomuniaswieta2016-768x549.jpg 768w, https:\/\/parafiarososzyca.pl\/wp-content\/uploads\/2014\/01\/pierwszakomuniaswieta2016-1536x1097.jpg 1536w, https:\/\/parafiarososzyca.pl\/wp-content\/uploads\/2014\/01\/pierwszakomuniaswieta2016-2048x1463.jpg 2048w, https:\/\/parafiarososzyca.pl\/wp-content\/uploads\/2014\/01\/pierwszakomuniaswieta2016-140x100.jpg 140w\" sizes=\"auto, (max-width: 500px) 100vw, 500px\" \/><\/a><!--more--><\/p>\n<p>ngg_shortcode_0_placeholderngg_shortcode_1_placeholder<\/p>\n","protected":false},"excerpt":{"rendered":"<p>8 maja w s\u0142oneczne, niedzielne przedpo\u0142udnie 12 dzieci z naszej parafii po raz pierwszy przyst\u0105pi\u0142o do Pierwszej Komunii \u015awi\u0119tej. Wzruszeni rodzice udzielili dzieciom b\u0142ogos\u0142awie\u0144stwa, nast\u0119pnie odnowione zosta\u0142y przyrzeczenia z Chrztu \u015aw.<\/p>\n","protected":false},"author":1,"featured_media":0,"comment_status":"closed","ping_status":"closed","sticky":false,"template":"","format":"standard","meta":{"ngg_post_thumbnail":0,"footnotes":"","_links_to":"","_links_to_target":""},"categories":[7],"tags":[],"class_list":{"0":"entry","1":"post","2":"publish","3":"author-admin","4":"has-more-link","5":"post-4473","7":"format-standard","8":"category-rok-2016"},"_links":{"self":[{"href":"https:\/\/parafiarososzyca.pl\/index.php\/wp-json\/wp\/v2\/posts\/4473","targetHints":{"allow":["GET"]}}],"collection":[{"href":"https:\/\/parafiarososzyca.pl\/index.php\/wp-json\/wp\/v2\/posts"}],"about":[{"href":"https:\/\/parafiarososzyca.pl\/index.php\/wp-json\/wp\/v2\/types\/post"}],"author":[{"embeddable":true,"href":"https:\/\/parafiarososzyca.pl\/index.php\/wp-json\/wp\/v2\/users\/1"}],"replies":[{"embeddable":true,"href":"https:\/\/parafiarososzyca.pl\/index.php\/wp-json\/wp\/v2\/comments?post=4473"}],"version-history":[{"count":0,"href":"https:\/\/parafiarososzyca.pl\/index.php\/wp-json\/wp\/v2\/posts\/4473\/revisions"}],"wp:attachment":[{"href":"https:\/\/parafiarososzyca.pl\/index.php\/wp-json\/wp\/v2\/media?parent=4473"}],"wp:term":[{"taxonomy":"category","embeddable":true,"href":"https:\/\/parafiarososzyca.pl\/index.php\/wp-json\/wp\/v2\/categories?post=4473"},{"taxonomy":"post_tag","embeddable":true,"href":"https:\/\/parafiarososzyca.pl\/index.php\/wp-json\/wp\/v2\/tags?post=4473"}],"curies":[{"name":"wp","href":"https:\/\/api.w.org\/{rel}","templated":true}]}}