{"id":3842,"date":"2015-12-25T19:01:57","date_gmt":"2015-12-25T19:01:57","guid":{"rendered":"http:\/\/parafiarososzyca.pl\/?p=3842"},"modified":"2021-02-14T19:02:45","modified_gmt":"2021-02-14T19:02:45","slug":"boze-narodzenie","status":"publish","type":"post","link":"https:\/\/parafiarososzyca.pl\/index.php\/2015\/12\/25\/boze-narodzenie\/","title":{"rendered":"Bo\u017ce Narodzenie"},"content":{"rendered":"<p style=\"text-align: justify;\">\u015awi\u0119ta Bo\u017cego Narodzenia, \u2013 \u015bwi\u0119to upami\u0119tniaj\u0105ce narodziny Jezusa Chrystusa. Jest to sta\u0142a uroczysto\u015b\u0107 liturgiczna przypadaj\u0105ca na 25 grudnia. Bo\u017ce Narodzenie poprzedzone jest okresem trzytygodniowego oczekiwania (dok\u0142adnie czterech niedziel), zwanego adwentem.<\/p>\n","protected":false},"excerpt":{"rendered":"<p>\u015awi\u0119ta Bo\u017cego Narodzenia, \u2013 \u015bwi\u0119to upami\u0119tniaj\u0105ce narodziny Jezusa Chrystusa. Jest to sta\u0142a uroczysto\u015b\u0107 liturgiczna przypadaj\u0105ca na 25 grudnia. Bo\u017ce Narodzenie poprzedzone jest okresem trzytygodniowego oczekiwania (dok\u0142adnie czterech niedziel), zwanego adwentem.<\/p>\n","protected":false},"author":1,"featured_media":0,"comment_status":"closed","ping_status":"closed","sticky":false,"template":"","format":"standard","meta":{"ngg_post_thumbnail":0,"footnotes":"","_links_to":"","_links_to_target":""},"categories":[6],"tags":[],"class_list":{"0":"entry","1":"post","2":"publish","3":"author-admin","4":"post-3842","6":"format-standard","7":"category-rok-2015"},"_links":{"self":[{"href":"https:\/\/parafiarososzyca.pl\/index.php\/wp-json\/wp\/v2\/posts\/3842","targetHints":{"allow":["GET"]}}],"collection":[{"href":"https:\/\/parafiarososzyca.pl\/index.php\/wp-json\/wp\/v2\/posts"}],"about":[{"href":"https:\/\/parafiarososzyca.pl\/index.php\/wp-json\/wp\/v2\/types\/post"}],"author":[{"embeddable":true,"href":"https:\/\/parafiarososzyca.pl\/index.php\/wp-json\/wp\/v2\/users\/1"}],"replies":[{"embeddable":true,"href":"https:\/\/parafiarososzyca.pl\/index.php\/wp-json\/wp\/v2\/comments?post=3842"}],"version-history":[{"count":0,"href":"https:\/\/parafiarososzyca.pl\/index.php\/wp-json\/wp\/v2\/posts\/3842\/revisions"}],"wp:attachment":[{"href":"https:\/\/parafiarososzyca.pl\/index.php\/wp-json\/wp\/v2\/media?parent=3842"}],"wp:term":[{"taxonomy":"category","embeddable":true,"href":"https:\/\/parafiarososzyca.pl\/index.php\/wp-json\/wp\/v2\/categories?post=3842"},{"taxonomy":"post_tag","embeddable":true,"href":"https:\/\/parafiarososzyca.pl\/index.php\/wp-json\/wp\/v2\/tags?post=3842"}],"curies":[{"name":"wp","href":"https:\/\/api.w.org\/{rel}","templated":true}]}}