{"id":3840,"date":"2015-12-19T19:00:34","date_gmt":"2015-12-19T19:00:34","guid":{"rendered":"http:\/\/parafiarososzyca.pl\/?p=3840"},"modified":"2021-02-14T19:01:16","modified_gmt":"2021-02-14T19:01:16","slug":"podziekowanie-podziel-sie-z-innymi","status":"publish","type":"post","link":"https:\/\/parafiarososzyca.pl\/index.php\/2015\/12\/19\/podziekowanie-podziel-sie-z-innymi\/","title":{"rendered":"Podzi\u0119kowanie \u201ePodziel si\u0119 z innymi\u201d"},"content":{"rendered":"<p style=\"text-align: justify;\">Wszystkim Parafianom, kt\u00f3rzy wsparli nasz\u0105 akcj\u0119 \u015bwi\u0105teczn\u0105 \u201ePodziel si\u0119 z innymi\u201d pragniemy podzi\u0119kowa\u0107 za wra\u017cliwo\u015b\u0107, otwieraj\u0105c\u0105 serce dla tych, kt\u00f3rzy potrzebuj\u0105 pomocy, za bezinteresown\u0105 ch\u0119\u0107 do czynienia dobra, za pomoc i \u017cyczliwo\u015b\u0107.<br \/>\nZ wyrazami wdzi\u0119czno\u015bci<\/p>\n<p style=\"text-align: justify;\">Grupa Charytatywna<\/p>\n","protected":false},"excerpt":{"rendered":"<p>Wszystkim Parafianom, kt\u00f3rzy wsparli nasz\u0105 akcj\u0119 \u015bwi\u0105teczn\u0105 \u201ePodziel si\u0119 z innymi\u201d pragniemy podzi\u0119kowa\u0107 za wra\u017cliwo\u015b\u0107, otwieraj\u0105c\u0105 serce dla tych, kt\u00f3rzy potrzebuj\u0105 pomocy, za bezinteresown\u0105 ch\u0119\u0107 do czynienia dobra, za pomoc i \u017cyczliwo\u015b\u0107. Z wyrazami wdzi\u0119czno\u015bci Grupa Charytatywna<\/p>\n","protected":false},"author":1,"featured_media":0,"comment_status":"closed","ping_status":"closed","sticky":false,"template":"","format":"standard","meta":{"ngg_post_thumbnail":0,"footnotes":"","_links_to":"","_links_to_target":""},"categories":[6],"tags":[],"class_list":{"0":"entry","1":"post","2":"publish","3":"author-admin","4":"post-3840","6":"format-standard","7":"category-rok-2015"},"_links":{"self":[{"href":"https:\/\/parafiarososzyca.pl\/index.php\/wp-json\/wp\/v2\/posts\/3840","targetHints":{"allow":["GET"]}}],"collection":[{"href":"https:\/\/parafiarososzyca.pl\/index.php\/wp-json\/wp\/v2\/posts"}],"about":[{"href":"https:\/\/parafiarososzyca.pl\/index.php\/wp-json\/wp\/v2\/types\/post"}],"author":[{"embeddable":true,"href":"https:\/\/parafiarososzyca.pl\/index.php\/wp-json\/wp\/v2\/users\/1"}],"replies":[{"embeddable":true,"href":"https:\/\/parafiarososzyca.pl\/index.php\/wp-json\/wp\/v2\/comments?post=3840"}],"version-history":[{"count":0,"href":"https:\/\/parafiarososzyca.pl\/index.php\/wp-json\/wp\/v2\/posts\/3840\/revisions"}],"wp:attachment":[{"href":"https:\/\/parafiarososzyca.pl\/index.php\/wp-json\/wp\/v2\/media?parent=3840"}],"wp:term":[{"taxonomy":"category","embeddable":true,"href":"https:\/\/parafiarososzyca.pl\/index.php\/wp-json\/wp\/v2\/categories?post=3840"},{"taxonomy":"post_tag","embeddable":true,"href":"https:\/\/parafiarososzyca.pl\/index.php\/wp-json\/wp\/v2\/tags?post=3840"}],"curies":[{"name":"wp","href":"https:\/\/api.w.org\/{rel}","templated":true}]}}