{"id":3838,"date":"2015-12-08T18:59:22","date_gmt":"2015-12-08T18:59:22","guid":{"rendered":"http:\/\/parafiarososzyca.pl\/?p=3838"},"modified":"2021-02-14T19:00:05","modified_gmt":"2021-02-14T19:00:05","slug":"spotkanie-ze-sw-mikolajem","status":"publish","type":"post","link":"https:\/\/parafiarososzyca.pl\/index.php\/2015\/12\/08\/spotkanie-ze-sw-mikolajem\/","title":{"rendered":"Spotkanie ze \u015bw. Miko\u0142ajem"},"content":{"rendered":"<p style=\"text-align: justify;\">6 grudnia 2015 roku do ko\u015bcio\u0142a \u015bw. Marka Ewangelisty w Rososzycy zawita\u0142 \u015bwi\u0119ty, kt\u00f3rego kochaj\u0105 wszystkie dzieci i nie tylko. \u015awi\u0119ty Miko\u0142aj biskup Miry, \u017cy\u0142 na prze\u0142omie III i IV wieku, ws\u0142awi\u0142 si\u0119 tym, \u017ce pomaga\u0142 biednym i potrzebuj\u0105cym. Uczy nas wra\u017cliwo\u015bci na drugiego cz\u0142owieka i pomagania innym, w\u0142a\u015bciwego zachowania.&nbsp; W parafialnym ko\u015bciele przypomnia\u0142 o tym dzieciom \u015bwi\u0119ty i przy tej okazji wr\u0119czy\u0142 dzieciom s\u0142odki upominek.<\/p>\n","protected":false},"excerpt":{"rendered":"<p>6 grudnia 2015 roku do ko\u015bcio\u0142a \u015bw. Marka Ewangelisty w Rososzycy zawita\u0142 \u015bwi\u0119ty, kt\u00f3rego kochaj\u0105 wszystkie dzieci i nie tylko. \u015awi\u0119ty Miko\u0142aj biskup Miry, \u017cy\u0142 na prze\u0142omie III i IV wieku, ws\u0142awi\u0142 si\u0119 tym, \u017ce pomaga\u0142 biednym i potrzebuj\u0105cym. Uczy nas wra\u017cliwo\u015bci na drugiego cz\u0142owieka i pomagania innym, w\u0142a\u015bciwego zachowania.&nbsp; W parafialnym ko\u015bciele przypomnia\u0142 o &#8230; <span class=\"more\"><a class=\"more-link\" href=\"https:\/\/parafiarososzyca.pl\/index.php\/2015\/12\/08\/spotkanie-ze-sw-mikolajem\/\">Czytaj dalej<\/a><\/span><\/p>\n","protected":false},"author":1,"featured_media":0,"comment_status":"closed","ping_status":"closed","sticky":false,"template":"","format":"standard","meta":{"ngg_post_thumbnail":0,"footnotes":"","_links_to":"","_links_to_target":""},"categories":[6],"tags":[],"class_list":{"0":"entry","1":"post","2":"publish","3":"author-admin","4":"post-3838","6":"format-standard","7":"category-rok-2015"},"_links":{"self":[{"href":"https:\/\/parafiarososzyca.pl\/index.php\/wp-json\/wp\/v2\/posts\/3838","targetHints":{"allow":["GET"]}}],"collection":[{"href":"https:\/\/parafiarososzyca.pl\/index.php\/wp-json\/wp\/v2\/posts"}],"about":[{"href":"https:\/\/parafiarososzyca.pl\/index.php\/wp-json\/wp\/v2\/types\/post"}],"author":[{"embeddable":true,"href":"https:\/\/parafiarososzyca.pl\/index.php\/wp-json\/wp\/v2\/users\/1"}],"replies":[{"embeddable":true,"href":"https:\/\/parafiarososzyca.pl\/index.php\/wp-json\/wp\/v2\/comments?post=3838"}],"version-history":[{"count":0,"href":"https:\/\/parafiarososzyca.pl\/index.php\/wp-json\/wp\/v2\/posts\/3838\/revisions"}],"wp:attachment":[{"href":"https:\/\/parafiarososzyca.pl\/index.php\/wp-json\/wp\/v2\/media?parent=3838"}],"wp:term":[{"taxonomy":"category","embeddable":true,"href":"https:\/\/parafiarososzyca.pl\/index.php\/wp-json\/wp\/v2\/categories?post=3838"},{"taxonomy":"post_tag","embeddable":true,"href":"https:\/\/parafiarososzyca.pl\/index.php\/wp-json\/wp\/v2\/tags?post=3838"}],"curies":[{"name":"wp","href":"https:\/\/api.w.org\/{rel}","templated":true}]}}