{"id":3836,"date":"2015-12-05T18:57:47","date_gmt":"2015-12-05T18:57:47","guid":{"rendered":"http:\/\/parafiarososzyca.pl\/?p=3836"},"modified":"2021-02-14T18:58:54","modified_gmt":"2021-02-14T18:58:54","slug":"akcja-swiateczna-podziel-sie-z-innymi-3","status":"publish","type":"post","link":"https:\/\/parafiarososzyca.pl\/index.php\/2015\/12\/05\/akcja-swiateczna-podziel-sie-z-innymi-3\/","title":{"rendered":"Akcja \u015bwi\u0105teczna \u201ePodziel si\u0119 z innymi\u201d"},"content":{"rendered":"<p style=\"text-align: justify;\">Organizujemy zbi\u00f3rk\u0119 \u017cywno\u015bci dla potrzebuj\u0105cych, w sklepach w Rososzycy i Psarach s\u0105 wystawione kosze, tak\u017ce w ko\u015bciele jest kosz&nbsp; gdzie mo\u017cna sk\u0142ada\u0107 \u017cywno\u015b\u0107, zbi\u00f3rka od niedzieli 6 grudnia do wtorku 15 grudnia, liczymy na otwarto\u015b\u0107 waszych serc.<br \/>\nZebrane produkty przekazane zostan\u0105 najbardziej potrzebuj\u0105cym osobom z naszej Parafii.<br \/>\nGrupa Charytatywna<\/p>\n","protected":false},"excerpt":{"rendered":"<p>Organizujemy zbi\u00f3rk\u0119 \u017cywno\u015bci dla potrzebuj\u0105cych, w sklepach w Rososzycy i Psarach s\u0105 wystawione kosze, tak\u017ce w ko\u015bciele jest kosz&nbsp; gdzie mo\u017cna sk\u0142ada\u0107 \u017cywno\u015b\u0107, zbi\u00f3rka od niedzieli 6 grudnia do wtorku 15 grudnia, liczymy na otwarto\u015b\u0107 waszych serc. Zebrane produkty przekazane zostan\u0105 najbardziej potrzebuj\u0105cym osobom z naszej Parafii. Grupa Charytatywna<\/p>\n","protected":false},"author":1,"featured_media":0,"comment_status":"closed","ping_status":"closed","sticky":false,"template":"","format":"standard","meta":{"ngg_post_thumbnail":0,"footnotes":"","_links_to":"","_links_to_target":""},"categories":[6],"tags":[],"class_list":{"0":"entry","1":"post","2":"publish","3":"author-admin","4":"post-3836","6":"format-standard","7":"category-rok-2015"},"_links":{"self":[{"href":"https:\/\/parafiarososzyca.pl\/index.php\/wp-json\/wp\/v2\/posts\/3836","targetHints":{"allow":["GET"]}}],"collection":[{"href":"https:\/\/parafiarososzyca.pl\/index.php\/wp-json\/wp\/v2\/posts"}],"about":[{"href":"https:\/\/parafiarososzyca.pl\/index.php\/wp-json\/wp\/v2\/types\/post"}],"author":[{"embeddable":true,"href":"https:\/\/parafiarososzyca.pl\/index.php\/wp-json\/wp\/v2\/users\/1"}],"replies":[{"embeddable":true,"href":"https:\/\/parafiarososzyca.pl\/index.php\/wp-json\/wp\/v2\/comments?post=3836"}],"version-history":[{"count":0,"href":"https:\/\/parafiarososzyca.pl\/index.php\/wp-json\/wp\/v2\/posts\/3836\/revisions"}],"wp:attachment":[{"href":"https:\/\/parafiarososzyca.pl\/index.php\/wp-json\/wp\/v2\/media?parent=3836"}],"wp:term":[{"taxonomy":"category","embeddable":true,"href":"https:\/\/parafiarososzyca.pl\/index.php\/wp-json\/wp\/v2\/categories?post=3836"},{"taxonomy":"post_tag","embeddable":true,"href":"https:\/\/parafiarososzyca.pl\/index.php\/wp-json\/wp\/v2\/tags?post=3836"}],"curies":[{"name":"wp","href":"https:\/\/api.w.org\/{rel}","templated":true}]}}