{"id":3797,"date":"2015-11-06T18:50:28","date_gmt":"2015-11-06T18:50:28","guid":{"rendered":"http:\/\/parafiarososzyca.pl\/?p=3797"},"modified":"2021-02-14T18:52:58","modified_gmt":"2021-02-14T18:52:58","slug":"msza-wszystkich-swietych-z-udzialem-dzieci","status":"publish","type":"post","link":"https:\/\/parafiarososzyca.pl\/index.php\/2015\/11\/06\/msza-wszystkich-swietych-z-udzialem-dzieci\/","title":{"rendered":"Msza Wszystkich \u015awi\u0119tych z udzia\u0142em dzieci"},"content":{"rendered":"<p style=\"text-align: justify;\">W pi\u0105tek 30 pa\u017adziernika z okazji zbli\u017caj\u0105cego si\u0119 \u015bwi\u0119ta Wszystkich \u015bwi\u0119tych ks. proboszcz Pawe\u0142 Gu\u017adzio\u0142 na Msz\u0119 dla dzieci zaprosi\u0142 wszystkich ch\u0119tnych, aby przyszli przebrani za swojego patrona lub ulubionego \u015bwi\u0119tego.<!--more--><br \/>\nNaszym \u015bwi\u0119tym patronom po\u015bwi\u0119cona by\u0142a ta Eucharystia. I tak zjawili si\u0119 aposto\u0142owie Piotr, Jakub, Tomasz, aposto\u0142 narod\u00f3w Pawe\u0142, archanio\u0142 Gabriel. Pojawili si\u0119 \u015bwi\u0119ta siostra Faustyna, Marianna, Zuzanna, Barbara, Maryja, Natalia, matka Teresa z Kalkuty, ojciec Pio, Jan Pawe\u0142 II, J\u00f3zef a tak\u017ce \u015bw. Daria ze swoim m\u0119\u017cem \u015bw. Chryzantem. Wielu \u015bwi\u0119tych przyby\u0142o na t\u0119 Eucharysti\u0119 ze swoimi atrybutami, dzi\u0119ki kt\u00f3rym mo\u017cna by\u0142o poszerzy\u0107 swoj\u0105 wiedz\u0119. Zgromadzeni w \u015bwi\u0105tyni \u015bwi\u0119ci za pi\u0119kne stroje i wiedz\u0119 otrzymali s\u0142odki upominek.<\/p>\nngg_shortcode_0_placeholder\n","protected":false},"excerpt":{"rendered":"<p>W pi\u0105tek 30 pa\u017adziernika z okazji zbli\u017caj\u0105cego si\u0119 \u015bwi\u0119ta Wszystkich \u015bwi\u0119tych ks. proboszcz Pawe\u0142 Gu\u017adzio\u0142 na Msz\u0119 dla dzieci zaprosi\u0142 wszystkich ch\u0119tnych, aby przyszli przebrani za swojego patrona lub ulubionego \u015bwi\u0119tego.<\/p>\n","protected":false},"author":1,"featured_media":0,"comment_status":"closed","ping_status":"closed","sticky":false,"template":"","format":"standard","meta":{"ngg_post_thumbnail":0,"footnotes":"","_links_to":"","_links_to_target":""},"categories":[6],"tags":[],"class_list":{"0":"entry","1":"post","2":"publish","3":"author-admin","4":"has-more-link","5":"post-3797","7":"format-standard","8":"category-rok-2015"},"_links":{"self":[{"href":"https:\/\/parafiarososzyca.pl\/index.php\/wp-json\/wp\/v2\/posts\/3797","targetHints":{"allow":["GET"]}}],"collection":[{"href":"https:\/\/parafiarososzyca.pl\/index.php\/wp-json\/wp\/v2\/posts"}],"about":[{"href":"https:\/\/parafiarososzyca.pl\/index.php\/wp-json\/wp\/v2\/types\/post"}],"author":[{"embeddable":true,"href":"https:\/\/parafiarososzyca.pl\/index.php\/wp-json\/wp\/v2\/users\/1"}],"replies":[{"embeddable":true,"href":"https:\/\/parafiarososzyca.pl\/index.php\/wp-json\/wp\/v2\/comments?post=3797"}],"version-history":[{"count":0,"href":"https:\/\/parafiarososzyca.pl\/index.php\/wp-json\/wp\/v2\/posts\/3797\/revisions"}],"wp:attachment":[{"href":"https:\/\/parafiarososzyca.pl\/index.php\/wp-json\/wp\/v2\/media?parent=3797"}],"wp:term":[{"taxonomy":"category","embeddable":true,"href":"https:\/\/parafiarososzyca.pl\/index.php\/wp-json\/wp\/v2\/categories?post=3797"},{"taxonomy":"post_tag","embeddable":true,"href":"https:\/\/parafiarososzyca.pl\/index.php\/wp-json\/wp\/v2\/tags?post=3797"}],"curies":[{"name":"wp","href":"https:\/\/api.w.org\/{rel}","templated":true}]}}