{"id":3792,"date":"2015-10-21T18:46:57","date_gmt":"2015-10-21T18:46:57","guid":{"rendered":"http:\/\/parafiarososzyca.pl\/?p=3792"},"modified":"2021-02-14T18:48:42","modified_gmt":"2021-02-14T18:48:42","slug":"podziekowanie","status":"publish","type":"post","link":"https:\/\/parafiarososzyca.pl\/index.php\/2015\/10\/21\/podziekowanie\/","title":{"rendered":"Podzi\u0119kowanie"},"content":{"rendered":"<p style=\"text-align: justify;\">Trudno jest nam wyrazi\u0107 s\u0142owami wdzi\u0119czno\u015b\u0107 za wsparcie naszej akcji charytatywnej \u201eKrem\u00f3wki\u201d. Przeros\u0142a ona nasze naj\u015bmielsze oczekiwania.<\/p>\n<p style=\"text-align: justify;\">Niech wi\u0119c&nbsp; to proste s\u0142owo&nbsp;<strong>DZI\u0118KUJEMY<\/strong>&nbsp;zawiera wszystko, co chcemy powiedzie\u0107. Zaanga\u017cowanie Parafian traktujemy jako wyraz dobroci i \u017cyczliwo\u015bci wobec naszych dzia\u0142a\u0144.<\/p>\n<p style=\"text-align: justify;\">Z wyrazami wdzi\u0119czno\u015bci &#8211; Grupa Charytatywna<\/p>\n","protected":false},"excerpt":{"rendered":"<p>Trudno jest nam wyrazi\u0107 s\u0142owami wdzi\u0119czno\u015b\u0107 za wsparcie naszej akcji charytatywnej \u201eKrem\u00f3wki\u201d. Przeros\u0142a ona nasze naj\u015bmielsze oczekiwania. Niech wi\u0119c&nbsp; to proste s\u0142owo&nbsp;DZI\u0118KUJEMY&nbsp;zawiera wszystko, co chcemy powiedzie\u0107. Zaanga\u017cowanie Parafian traktujemy jako wyraz dobroci i \u017cyczliwo\u015bci wobec naszych dzia\u0142a\u0144. Z wyrazami wdzi\u0119czno\u015bci &#8211; Grupa Charytatywna<\/p>\n","protected":false},"author":1,"featured_media":0,"comment_status":"closed","ping_status":"closed","sticky":false,"template":"","format":"standard","meta":{"ngg_post_thumbnail":0,"footnotes":"","_links_to":"","_links_to_target":""},"categories":[6],"tags":[],"class_list":{"0":"entry","1":"post","2":"publish","3":"author-admin","4":"post-3792","6":"format-standard","7":"category-rok-2015"},"_links":{"self":[{"href":"https:\/\/parafiarososzyca.pl\/index.php\/wp-json\/wp\/v2\/posts\/3792","targetHints":{"allow":["GET"]}}],"collection":[{"href":"https:\/\/parafiarososzyca.pl\/index.php\/wp-json\/wp\/v2\/posts"}],"about":[{"href":"https:\/\/parafiarososzyca.pl\/index.php\/wp-json\/wp\/v2\/types\/post"}],"author":[{"embeddable":true,"href":"https:\/\/parafiarososzyca.pl\/index.php\/wp-json\/wp\/v2\/users\/1"}],"replies":[{"embeddable":true,"href":"https:\/\/parafiarososzyca.pl\/index.php\/wp-json\/wp\/v2\/comments?post=3792"}],"version-history":[{"count":0,"href":"https:\/\/parafiarososzyca.pl\/index.php\/wp-json\/wp\/v2\/posts\/3792\/revisions"}],"wp:attachment":[{"href":"https:\/\/parafiarososzyca.pl\/index.php\/wp-json\/wp\/v2\/media?parent=3792"}],"wp:term":[{"taxonomy":"category","embeddable":true,"href":"https:\/\/parafiarososzyca.pl\/index.php\/wp-json\/wp\/v2\/categories?post=3792"},{"taxonomy":"post_tag","embeddable":true,"href":"https:\/\/parafiarososzyca.pl\/index.php\/wp-json\/wp\/v2\/tags?post=3792"}],"curies":[{"name":"wp","href":"https:\/\/api.w.org\/{rel}","templated":true}]}}