{"id":3355,"date":"2015-09-24T17:20:12","date_gmt":"2015-09-24T17:20:12","guid":{"rendered":"http:\/\/parafiarososzyca.pl\/?p=3355"},"modified":"2021-02-14T17:32:15","modified_gmt":"2021-02-14T17:32:15","slug":"wizytacja-duszpasterska-ks-bp-teofil-wilski","status":"publish","type":"post","link":"https:\/\/parafiarososzyca.pl\/index.php\/2015\/09\/24\/wizytacja-duszpasterska-ks-bp-teofil-wilski\/","title":{"rendered":"Wizytacja duszpasterska ks. Bp. Teofil Wilski"},"content":{"rendered":"<p style=\"text-align: justify;\">Cmentarz Parafialny<\/p>\n<p>ngg_shortcode_0_placeholder<!--more--><\/p>\n<p>Spotkanie w ko\u015bciele z matkami w stanie b\u0142ogos\u0142awionym i z ma\u0142ymi dzie\u0107mi<\/p>\n<p>ngg_shortcode_1_placeholderBierzmowanie<\/p>\nngg_shortcode_2_placeholder\n","protected":false},"excerpt":{"rendered":"<p>Cmentarz Parafialny<\/p>\n","protected":false},"author":1,"featured_media":0,"comment_status":"closed","ping_status":"closed","sticky":false,"template":"","format":"standard","meta":{"ngg_post_thumbnail":0,"footnotes":"","_links_to":"","_links_to_target":""},"categories":[6],"tags":[],"class_list":{"0":"entry","1":"post","2":"publish","3":"author-admin","4":"has-more-link","5":"post-3355","7":"format-standard","8":"category-rok-2015"},"_links":{"self":[{"href":"https:\/\/parafiarososzyca.pl\/index.php\/wp-json\/wp\/v2\/posts\/3355","targetHints":{"allow":["GET"]}}],"collection":[{"href":"https:\/\/parafiarososzyca.pl\/index.php\/wp-json\/wp\/v2\/posts"}],"about":[{"href":"https:\/\/parafiarososzyca.pl\/index.php\/wp-json\/wp\/v2\/types\/post"}],"author":[{"embeddable":true,"href":"https:\/\/parafiarososzyca.pl\/index.php\/wp-json\/wp\/v2\/users\/1"}],"replies":[{"embeddable":true,"href":"https:\/\/parafiarososzyca.pl\/index.php\/wp-json\/wp\/v2\/comments?post=3355"}],"version-history":[{"count":0,"href":"https:\/\/parafiarososzyca.pl\/index.php\/wp-json\/wp\/v2\/posts\/3355\/revisions"}],"wp:attachment":[{"href":"https:\/\/parafiarososzyca.pl\/index.php\/wp-json\/wp\/v2\/media?parent=3355"}],"wp:term":[{"taxonomy":"category","embeddable":true,"href":"https:\/\/parafiarososzyca.pl\/index.php\/wp-json\/wp\/v2\/categories?post=3355"},{"taxonomy":"post_tag","embeddable":true,"href":"https:\/\/parafiarososzyca.pl\/index.php\/wp-json\/wp\/v2\/tags?post=3355"}],"curies":[{"name":"wp","href":"https:\/\/api.w.org\/{rel}","templated":true}]}}