{"id":3003,"date":"2015-06-17T16:30:00","date_gmt":"2015-06-17T16:30:00","guid":{"rendered":"http:\/\/parafiarososzyca.pl\/?p=3003"},"modified":"2021-02-14T16:32:25","modified_gmt":"2021-02-14T16:32:25","slug":"msza-swieta-przy-kapliczce","status":"publish","type":"post","link":"https:\/\/parafiarososzyca.pl\/index.php\/2015\/06\/17\/msza-swieta-przy-kapliczce\/","title":{"rendered":"Msza \u015awi\u0119ta przy Kapliczce"},"content":{"rendered":"<p style=\"text-align: justify;\"><img loading=\"lazy\" decoding=\"async\" class=\"alignleft wp-image-247\" src=\"http:\/\/parafiarososzyca.pl\/wp-content\/uploads\/2014\/01\/kapliczka-.jpg\" alt=\"\" width=\"99\" height=\"100\" srcset=\"https:\/\/parafiarososzyca.pl\/wp-content\/uploads\/2014\/01\/kapliczka-.jpg 269w, https:\/\/parafiarososzyca.pl\/wp-content\/uploads\/2014\/01\/kapliczka--150x150.jpg 150w, https:\/\/parafiarososzyca.pl\/wp-content\/uploads\/2014\/01\/kapliczka--140x142.jpg 140w\" sizes=\"auto, (max-width: 99px) 100vw, 99px\" \/>Na terenie naszej parafii jest szczeg\u00f3lna kapliczka &#8211; jest to figura Serca Jezusowego w Sieroszewicach. Od wielu lat w czerwcu b\u0105d\u017a lipcu odprawiana jest tu msza \u015bwi\u0119ta. <!--more-->Parafianie z Sieroszewic z dum\u0105 i rado\u015bci\u0105 oczekuj\u0105 na t\u0119 msz\u0119, licznie gromadz\u0105c si\u0119 pod kapliczk\u0105 w niedzielny wiecz\u00f3r. Dzi\u0119ki okolicznym mieszka\u0144com kapliczka jest zadbana, upi\u0119kszona kwiatami. Obserwuj\u0105c przeje\u017cd\u017caj\u0105cych kierowc\u00f3w nierzadko zauwa\u017cy\u0107 mo\u017cna znak krzy\u017ca, kt\u00f3ry wykonuj\u0105 mijaj\u0105c kapliczk\u0119&#8230;<\/p>\n","protected":false},"excerpt":{"rendered":"<p>Na terenie naszej parafii jest szczeg\u00f3lna kapliczka &#8211; jest to figura Serca Jezusowego w Sieroszewicach. Od wielu lat w czerwcu b\u0105d\u017a lipcu odprawiana jest tu msza \u015bwi\u0119ta.<\/p>\n","protected":false},"author":1,"featured_media":0,"comment_status":"closed","ping_status":"closed","sticky":false,"template":"","format":"standard","meta":{"ngg_post_thumbnail":0,"footnotes":"","_links_to":"","_links_to_target":""},"categories":[6],"tags":[],"class_list":{"0":"entry","1":"post","2":"publish","3":"author-admin","4":"has-more-link","5":"post-3003","7":"format-standard","8":"category-rok-2015"},"_links":{"self":[{"href":"https:\/\/parafiarososzyca.pl\/index.php\/wp-json\/wp\/v2\/posts\/3003","targetHints":{"allow":["GET"]}}],"collection":[{"href":"https:\/\/parafiarososzyca.pl\/index.php\/wp-json\/wp\/v2\/posts"}],"about":[{"href":"https:\/\/parafiarososzyca.pl\/index.php\/wp-json\/wp\/v2\/types\/post"}],"author":[{"embeddable":true,"href":"https:\/\/parafiarososzyca.pl\/index.php\/wp-json\/wp\/v2\/users\/1"}],"replies":[{"embeddable":true,"href":"https:\/\/parafiarososzyca.pl\/index.php\/wp-json\/wp\/v2\/comments?post=3003"}],"version-history":[{"count":0,"href":"https:\/\/parafiarososzyca.pl\/index.php\/wp-json\/wp\/v2\/posts\/3003\/revisions"}],"wp:attachment":[{"href":"https:\/\/parafiarososzyca.pl\/index.php\/wp-json\/wp\/v2\/media?parent=3003"}],"wp:term":[{"taxonomy":"category","embeddable":true,"href":"https:\/\/parafiarososzyca.pl\/index.php\/wp-json\/wp\/v2\/categories?post=3003"},{"taxonomy":"post_tag","embeddable":true,"href":"https:\/\/parafiarososzyca.pl\/index.php\/wp-json\/wp\/v2\/tags?post=3003"}],"curies":[{"name":"wp","href":"https:\/\/api.w.org\/{rel}","templated":true}]}}