{"id":27010,"date":"2026-03-22T23:28:53","date_gmt":"2026-03-22T23:28:53","guid":{"rendered":"https:\/\/parafiarososzyca.pl\/?p=27010"},"modified":"2026-03-28T11:37:36","modified_gmt":"2026-03-28T11:37:36","slug":"nocna-droga-krzyzowa-2","status":"publish","type":"post","link":"https:\/\/parafiarososzyca.pl\/index.php\/2026\/03\/22\/nocna-droga-krzyzowa-2\/","title":{"rendered":"Nocna Droga Krzy\u017cowa"},"content":{"rendered":"<p data-path-to-node=\"3\">Wiecz\u00f3r 22 marca sta\u0142 si\u0119 dla naszej wsp\u00f3lnoty czasem szczeg\u00f3lnego wyciszenia. Parafianie, nios\u0105c intencje swoje i swoich bliskich, wzi\u0119li udzia\u0142 w nocnej drodze krzy\u017cowej oraz trwali na adoracji w ko\u015bciele \u015bw. Marka Ewangelisty.<\/p>\n<p data-path-to-node=\"4\">Wydarzenie mia\u0142o dwa wymiary: aktywny \u2013 dla tych, kt\u00f3rzy zdecydowali si\u0119 wyruszy\u0107 w tras\u0119, oraz kontemplacyjny \u2013 dla os\u00f3b trwaj\u0105cych na modlitwie w \u015bwi\u0105tyni.<!--more--><\/p>\n<h3 data-path-to-node=\"5\">Kilometry duchowej w\u0119dr\u00f3wki<\/h3>\n<p data-path-to-node=\"6\">Grupa ch\u0119tnych parafian pod przewodnictwem proboszcza, <b data-path-to-node=\"6\" data-index-in-node=\"55\">ks. Paw\u0142a Gu\u017adzio\u0142a<\/b>, pokona\u0142a tras\u0119 licz\u0105c\u0105 oko\u0142o <b data-path-to-node=\"6\" data-index-in-node=\"105\">10 kilometr\u00f3w<\/b>. W\u0119drowanie pod os\u0142on\u0105 nocy, z dala od codziennego zgie\u0142ku, pozwoli\u0142o uczestnikom na g\u0142\u0119bsze prze\u017cycie stacji drogi krzy\u017cowej.<\/p>\n<ul data-path-to-node=\"7\">\n<li>\n<p data-path-to-node=\"7,0,0\"><b data-path-to-node=\"7,0,0\" data-index-in-node=\"0\">Trud i wytrwa\u0142o\u015b\u0107:<\/b> Dystans 10 km by\u0142 nie tylko wyzwaniem kondycyjnym, ale przede wszystkim form\u0105 modlitwy poprzez wysi\u0142ek.<\/p>\n<\/li>\n<li>\n<p data-path-to-node=\"7,1,0\"><b data-path-to-node=\"7,1,0\" data-index-in-node=\"0\">Wsp\u00f3lne rozwa\u017cania:<\/b> Kolejne stacje, przygotowane i prowadzone przez ks. Paw\u0142a, sta\u0142y si\u0119 okazj\u0105 do refleksji nad sensem cierpienia i nadziei w \u017cyciu chrze\u015bcijanina.<\/p>\n<\/li>\n<li>\n<p data-path-to-node=\"7,2,0\"><b data-path-to-node=\"7,2,0\" data-index-in-node=\"0\">\u015awiadectwo wiary:<\/b> Widok grupy modl\u0105cej si\u0119 w drodze by\u0142 wymownym znakiem obecno\u015bci Ko\u015bcio\u0142a w przestrzeni publicznej.<\/p>\n<\/li>\n<\/ul>\n<h3 data-path-to-node=\"8\">Czuwanie w ko\u015bciele \u015bw. Marka Ewangelisty<\/h3>\n<p data-path-to-node=\"9\">R\u00f3wnolegle z grup\u0105 w\u0119druj\u0105c\u0105, w ko\u015bciele parafialnym trwa\u0142o modlitewne wsparcie. By\u0142a to propozycja dla os\u00f3b, kt\u00f3re ze wzgl\u0119d\u00f3w zdrowotnych lub wiekowych nie mog\u0142y przej\u015b\u0107 10-kilometrowego odcinka, a pragn\u0119\u0142y \u0142\u0105czy\u0107 si\u0119 duchowo z reszt\u0105 wsp\u00f3lnoty.<\/p>\n<ul data-path-to-node=\"10\">\n<li>\n<p data-path-to-node=\"10,0,0\"><b data-path-to-node=\"10,0,0\" data-index-in-node=\"0\">Adoracja Naj\u015bwi\u0119tszego Sakramentu:<\/b> W ciszy i skupieniu wierni trwali przed Panem Jezusem, otaczaj\u0105c modlitw\u0105 wszystkich uczestnik\u00f3w drogi krzy\u017cowej.<\/p>\n<\/li>\n<li>\n<p data-path-to-node=\"10,1,0\"><b data-path-to-node=\"10,1,0\" data-index-in-node=\"0\">Jedno\u015b\u0107 serc:<\/b> Mimo fizycznego oddalenia, obie grupy tworzy\u0142y jedn\u0105 wsp\u00f3lnot\u0119, zjednoczon\u0105 w rozwa\u017caniu m\u0119ki Pa\u0144skiej.<\/p>\n<\/li>\n<\/ul>\n<p data-path-to-node=\"11\">To wyj\u0105tkowe wydarzenie pokaza\u0142o, \u017ce wiara w naszej parafii ma wiele obliczy \u2013 od aktywnego trudu drogi, po cich\u0105 obecno\u015b\u0107 przed tabernakulum.<\/p>\nngg_shortcode_0_placeholder\n","protected":false},"excerpt":{"rendered":"<p>Wiecz\u00f3r 22 marca sta\u0142 si\u0119 dla naszej wsp\u00f3lnoty czasem szczeg\u00f3lnego wyciszenia. Parafianie, nios\u0105c intencje swoje i swoich bliskich, wzi\u0119li udzia\u0142 w nocnej drodze krzy\u017cowej oraz trwali na adoracji w ko\u015bciele \u015bw. Marka Ewangelisty. Wydarzenie mia\u0142o dwa wymiary: aktywny \u2013 dla tych, kt\u00f3rzy zdecydowali si\u0119 wyruszy\u0107 w tras\u0119, oraz kontemplacyjny \u2013 dla os\u00f3b trwaj\u0105cych na modlitwie &#8230; <span class=\"more\"><a class=\"more-link\" href=\"https:\/\/parafiarososzyca.pl\/index.php\/2026\/03\/22\/nocna-droga-krzyzowa-2\/\">Czytaj dalej<\/a><\/span><\/p>\n","protected":false},"author":1,"featured_media":0,"comment_status":"closed","ping_status":"closed","sticky":false,"template":"","format":"standard","meta":{"ngg_post_thumbnail":0,"footnotes":"","_links_to":"","_links_to_target":""},"categories":[17],"tags":[],"class_list":{"0":"entry","1":"post","2":"publish","3":"author-admin","4":"has-more-link","5":"post-27010","7":"format-standard","8":"category-rok-2026"},"_links":{"self":[{"href":"https:\/\/parafiarososzyca.pl\/index.php\/wp-json\/wp\/v2\/posts\/27010","targetHints":{"allow":["GET"]}}],"collection":[{"href":"https:\/\/parafiarososzyca.pl\/index.php\/wp-json\/wp\/v2\/posts"}],"about":[{"href":"https:\/\/parafiarososzyca.pl\/index.php\/wp-json\/wp\/v2\/types\/post"}],"author":[{"embeddable":true,"href":"https:\/\/parafiarososzyca.pl\/index.php\/wp-json\/wp\/v2\/users\/1"}],"replies":[{"embeddable":true,"href":"https:\/\/parafiarososzyca.pl\/index.php\/wp-json\/wp\/v2\/comments?post=27010"}],"version-history":[{"count":4,"href":"https:\/\/parafiarososzyca.pl\/index.php\/wp-json\/wp\/v2\/posts\/27010\/revisions"}],"predecessor-version":[{"id":27036,"href":"https:\/\/parafiarososzyca.pl\/index.php\/wp-json\/wp\/v2\/posts\/27010\/revisions\/27036"}],"wp:attachment":[{"href":"https:\/\/parafiarososzyca.pl\/index.php\/wp-json\/wp\/v2\/media?parent=27010"}],"wp:term":[{"taxonomy":"category","embeddable":true,"href":"https:\/\/parafiarososzyca.pl\/index.php\/wp-json\/wp\/v2\/categories?post=27010"},{"taxonomy":"post_tag","embeddable":true,"href":"https:\/\/parafiarososzyca.pl\/index.php\/wp-json\/wp\/v2\/tags?post=27010"}],"curies":[{"name":"wp","href":"https:\/\/api.w.org\/{rel}","templated":true}]}}