{"id":26895,"date":"2025-08-10T09:24:11","date_gmt":"2025-08-10T09:24:11","guid":{"rendered":"https:\/\/parafiarososzyca.pl\/?p=26895"},"modified":"2025-08-10T09:30:40","modified_gmt":"2025-08-10T09:30:40","slug":"grupa-zielona-w-rososzycy-4","status":"publish","type":"post","link":"https:\/\/parafiarososzyca.pl\/index.php\/2025\/08\/10\/grupa-zielona-w-rososzycy-4\/","title":{"rendered":"Grupa &#8222;Zielona&#8221; w Rososzycy"},"content":{"rendered":"<p>Jak co roku 9 sierpnia do naszej parafii zawita\u0142a grupa zielona, kt\u00f3ra pielgrzymuje jako grupa promienista pielgrzymki kaliskiej z Ostrowa Wlkp. na Jasn\u0105 G\u00f3r\u0119. W pierwszym dniu w\u0119dr\u00f3wki p\u0105tnicy zatrzymuj\u0105 si\u0119 u nas na obiad. Szczeg\u00f3lnie mi\u0142o by\u0142o wita\u0107 w\u015br\u00f3d nich mieszka\u0144c\u00f3w naszej parafii.<\/p>\n<p>Podzi\u0119kowanie: Przepyszny obiad za nami, teraz mamy pe\u0142no si\u0142 na dalsz\u0105 drog\u0119 do Matki. Dzi\u0119kujemy serdecznie wszystkim mieszka\u0144com Rososzycy i okolic za okazane nam serce i otwarte drzwi sali wiejskiej! &#8211; Grupa Zielona Ostr\u00f3w Wielkopolski<\/p>\n<p><a href=\"https:\/\/parafiarososzyca.pl\/wp-content\/uploads\/2025\/08\/zielona.jpg\"><img loading=\"lazy\" decoding=\"async\" class=\"aligncenter wp-image-26896\" src=\"https:\/\/parafiarososzyca.pl\/wp-content\/uploads\/2025\/08\/zielona-300x204.jpg\" alt=\"\" width=\"500\" height=\"339\" srcset=\"https:\/\/parafiarososzyca.pl\/wp-content\/uploads\/2025\/08\/zielona-300x204.jpg 300w, https:\/\/parafiarososzyca.pl\/wp-content\/uploads\/2025\/08\/zielona-1024x695.jpg 1024w, https:\/\/parafiarososzyca.pl\/wp-content\/uploads\/2025\/08\/zielona-768x521.jpg 768w, https:\/\/parafiarososzyca.pl\/wp-content\/uploads\/2025\/08\/zielona.jpg 1176w\" sizes=\"auto, (max-width: 500px) 100vw, 500px\" \/><\/a><!--more--><\/p>\n<p>ngg_shortcode_0_placeholderFoto: https:\/\/www.facebook.com\/grupazielona<\/p>\n<p>&nbsp;<\/p>\n","protected":false},"excerpt":{"rendered":"<p>Jak co roku 9 sierpnia do naszej parafii zawita\u0142a grupa zielona, kt\u00f3ra pielgrzymuje jako grupa promienista pielgrzymki kaliskiej z Ostrowa Wlkp. na Jasn\u0105 G\u00f3r\u0119. W pierwszym dniu w\u0119dr\u00f3wki p\u0105tnicy zatrzymuj\u0105 si\u0119 u nas na obiad. Szczeg\u00f3lnie mi\u0142o by\u0142o wita\u0107 w\u015br\u00f3d nich mieszka\u0144c\u00f3w naszej parafii. Podzi\u0119kowanie: Przepyszny obiad za nami, teraz mamy pe\u0142no si\u0142 na dalsz\u0105 &#8230; <span class=\"more\"><a class=\"more-link\" href=\"https:\/\/parafiarososzyca.pl\/index.php\/2025\/08\/10\/grupa-zielona-w-rososzycy-4\/\">Czytaj dalej<\/a><\/span><\/p>\n","protected":false},"author":1,"featured_media":0,"comment_status":"closed","ping_status":"closed","sticky":false,"template":"","format":"standard","meta":{"ngg_post_thumbnail":0,"footnotes":"","_links_to":"","_links_to_target":""},"categories":[16],"tags":[],"class_list":{"0":"entry","1":"post","2":"publish","3":"author-admin","4":"has-more-link","5":"post-26895","7":"format-standard","8":"category-rok-2025"},"_links":{"self":[{"href":"https:\/\/parafiarososzyca.pl\/index.php\/wp-json\/wp\/v2\/posts\/26895","targetHints":{"allow":["GET"]}}],"collection":[{"href":"https:\/\/parafiarososzyca.pl\/index.php\/wp-json\/wp\/v2\/posts"}],"about":[{"href":"https:\/\/parafiarososzyca.pl\/index.php\/wp-json\/wp\/v2\/types\/post"}],"author":[{"embeddable":true,"href":"https:\/\/parafiarososzyca.pl\/index.php\/wp-json\/wp\/v2\/users\/1"}],"replies":[{"embeddable":true,"href":"https:\/\/parafiarososzyca.pl\/index.php\/wp-json\/wp\/v2\/comments?post=26895"}],"version-history":[{"count":8,"href":"https:\/\/parafiarososzyca.pl\/index.php\/wp-json\/wp\/v2\/posts\/26895\/revisions"}],"predecessor-version":[{"id":26933,"href":"https:\/\/parafiarososzyca.pl\/index.php\/wp-json\/wp\/v2\/posts\/26895\/revisions\/26933"}],"wp:attachment":[{"href":"https:\/\/parafiarososzyca.pl\/index.php\/wp-json\/wp\/v2\/media?parent=26895"}],"wp:term":[{"taxonomy":"category","embeddable":true,"href":"https:\/\/parafiarososzyca.pl\/index.php\/wp-json\/wp\/v2\/categories?post=26895"},{"taxonomy":"post_tag","embeddable":true,"href":"https:\/\/parafiarososzyca.pl\/index.php\/wp-json\/wp\/v2\/tags?post=26895"}],"curies":[{"name":"wp","href":"https:\/\/api.w.org\/{rel}","templated":true}]}}