{"id":26848,"date":"2025-06-15T07:46:02","date_gmt":"2025-06-15T07:46:02","guid":{"rendered":"https:\/\/parafiarososzyca.pl\/?p=26848"},"modified":"2025-06-19T07:52:49","modified_gmt":"2025-06-19T07:52:49","slug":"nawiedzenie-kosciolow-jubileuszowych","status":"publish","type":"post","link":"https:\/\/parafiarososzyca.pl\/index.php\/2025\/06\/15\/nawiedzenie-kosciolow-jubileuszowych\/","title":{"rendered":"Nawiedzenie ko\u015bcio\u0142\u00f3w jubileuszowych"},"content":{"rendered":"<p style=\"font-weight: 400; text-align: justify;\">W niedzielne popo\u0142udnie 15 czerwca parafianie rososzyccy wyjechali z pielgrzymk\u0105 do ko\u015bcio\u0142\u00f3w jubileuszowych. Nawiedzili sanktuarium Matki Bo\u017cej Uzdrowienia Chorych w Smolicach na terenie archidiecezji pozna\u0144skiej, gdzie ks. proboszcz Pawe\u0142 Gu\u017adzio\u0142 odprawi\u0142 Eucharysti\u0119. Nast\u0119pnie przybyli do klasztoru franciszkan\u00f3w w Kobylinie na terenie naszej diecezji, gdzie modlili si\u0119 w przyklasztornym ko\u015bciele pw. Matki Bo\u017cej przy \u017b\u0142\u00f3bku. <!--more-->Ostatnim punktem p\u0105tniczego szlaku by\u0142a bazylika mniejsza \u015bw. Jana Chrzciciela w Krotoszynie. Wsp\u00f3lny czas s\u0142u\u017cy\u0142 nie tylko nawiedzeniu ko\u015bcio\u0142\u00f3w jubileuszowych ale r\u00f3wnie\u017c duchowemu umocnieniu i budowaniu wsp\u00f3lnotowej wi\u0119zi.<\/p>\nngg_shortcode_0_placeholder\n","protected":false},"excerpt":{"rendered":"<p>W niedzielne popo\u0142udnie 15 czerwca parafianie rososzyccy wyjechali z pielgrzymk\u0105 do ko\u015bcio\u0142\u00f3w jubileuszowych. Nawiedzili sanktuarium Matki Bo\u017cej Uzdrowienia Chorych w Smolicach na terenie archidiecezji pozna\u0144skiej, gdzie ks. proboszcz Pawe\u0142 Gu\u017adzio\u0142 odprawi\u0142 Eucharysti\u0119. Nast\u0119pnie przybyli do klasztoru franciszkan\u00f3w w Kobylinie na terenie naszej diecezji, gdzie modlili si\u0119 w przyklasztornym ko\u015bciele pw. Matki Bo\u017cej przy \u017b\u0142\u00f3bku.<\/p>\n","protected":false},"author":1,"featured_media":0,"comment_status":"closed","ping_status":"closed","sticky":false,"template":"","format":"standard","meta":{"ngg_post_thumbnail":0,"footnotes":"","_links_to":"","_links_to_target":""},"categories":[16],"tags":[],"class_list":{"0":"entry","1":"post","2":"publish","3":"author-admin","4":"has-more-link","5":"post-26848","7":"format-standard","8":"category-rok-2025"},"_links":{"self":[{"href":"https:\/\/parafiarososzyca.pl\/index.php\/wp-json\/wp\/v2\/posts\/26848","targetHints":{"allow":["GET"]}}],"collection":[{"href":"https:\/\/parafiarososzyca.pl\/index.php\/wp-json\/wp\/v2\/posts"}],"about":[{"href":"https:\/\/parafiarososzyca.pl\/index.php\/wp-json\/wp\/v2\/types\/post"}],"author":[{"embeddable":true,"href":"https:\/\/parafiarososzyca.pl\/index.php\/wp-json\/wp\/v2\/users\/1"}],"replies":[{"embeddable":true,"href":"https:\/\/parafiarososzyca.pl\/index.php\/wp-json\/wp\/v2\/comments?post=26848"}],"version-history":[{"count":1,"href":"https:\/\/parafiarososzyca.pl\/index.php\/wp-json\/wp\/v2\/posts\/26848\/revisions"}],"predecessor-version":[{"id":26862,"href":"https:\/\/parafiarososzyca.pl\/index.php\/wp-json\/wp\/v2\/posts\/26848\/revisions\/26862"}],"wp:attachment":[{"href":"https:\/\/parafiarososzyca.pl\/index.php\/wp-json\/wp\/v2\/media?parent=26848"}],"wp:term":[{"taxonomy":"category","embeddable":true,"href":"https:\/\/parafiarososzyca.pl\/index.php\/wp-json\/wp\/v2\/categories?post=26848"},{"taxonomy":"post_tag","embeddable":true,"href":"https:\/\/parafiarososzyca.pl\/index.php\/wp-json\/wp\/v2\/tags?post=26848"}],"curies":[{"name":"wp","href":"https:\/\/api.w.org\/{rel}","templated":true}]}}