{"id":26735,"date":"2025-05-26T14:52:30","date_gmt":"2025-05-26T14:52:30","guid":{"rendered":"https:\/\/parafiarososzyca.pl\/?p=26735"},"modified":"2025-05-26T14:55:41","modified_gmt":"2025-05-26T14:55:41","slug":"bierzmowanie-2","status":"publish","type":"post","link":"https:\/\/parafiarososzyca.pl\/index.php\/2025\/05\/26\/bierzmowanie-2\/","title":{"rendered":"Bierzmowanie"},"content":{"rendered":"<p style=\"text-align: justify;\" data-sourcepos=\"7:1-7:262\">22 maja 2025 roku by\u0142 dniem pe\u0142nym duchowej rado\u015bci i wzrusze\u0144 w naszej Parafii . W tym szczeg\u00f3lnym dniu 35 m\u0142odych ludzi przyj\u0119\u0142o sakrament bierzmowania, staj\u0105c si\u0119 w pe\u0142ni \u015bwiadomymi i dojrza\u0142ymi cz\u0142onkami wsp\u00f3lnoty Ko\u015bcio\u0142a.<\/p>\n<p style=\"text-align: justify;\" data-sourcepos=\"9:1-9:219\">Uroczystej Mszy \u015awi\u0119tej przewodniczy\u0142 i sakramentu bierzmowania udzieli\u0142 Biskup \u0141ukasz Buzun. Jego obecno\u015b\u0107 i s\u0142owa pe\u0142ne wiary i m\u0105dro\u015bci by\u0142y dla m\u0142odzie\u017cy i wszystkich zgromadzonych niezapomnianym do\u015bwiadczeniem.<!--more--><\/p>\n<p data-sourcepos=\"9:1-9:219\"><img loading=\"lazy\" decoding=\"async\" class=\"aligncenter wp-image-26736\" src=\"https:\/\/parafiarososzyca.pl\/wp-content\/uploads\/2025\/05\/Foto-252-768x512.jpg\" alt=\"\" width=\"500\" height=\"333\" srcset=\"https:\/\/parafiarososzyca.pl\/wp-content\/uploads\/2025\/05\/Foto-252-768x512.jpg 768w, https:\/\/parafiarososzyca.pl\/wp-content\/uploads\/2025\/05\/Foto-252-300x200.jpg 300w, https:\/\/parafiarososzyca.pl\/wp-content\/uploads\/2025\/05\/Foto-252-1024x683.jpg 1024w, https:\/\/parafiarososzyca.pl\/wp-content\/uploads\/2025\/05\/Foto-252-1536x1024.jpg 1536w, https:\/\/parafiarososzyca.pl\/wp-content\/uploads\/2025\/05\/Foto-252-2048x1365.jpg 2048w\" sizes=\"auto, (max-width: 500px) 100vw, 500px\" \/><\/p>\n<p style=\"text-align: justify;\" data-sourcepos=\"11:1-11:308\">Do tego wa\u017cnego wydarzenia m\u0142odzie\u017c przygotowywa\u0142a si\u0119 przez d\u0142ugi czas pod czujnym okiem i sercem Ksi\u0119dza Proboszcza Paw\u0142a Gu\u017adzio\u0142a oraz katechetki Miros\u0142awy Kois. Ich zaanga\u017cowanie, cierpliwo\u015b\u0107 i g\u0142\u0119boka wiara pomog\u0142y m\u0142odym ludziom zrozumie\u0107 znaczenie sakramentu i umocni\u0107 swoj\u0105 relacj\u0119 z Bogiem.<\/p>\n<p data-sourcepos=\"11:1-11:308\"><img loading=\"lazy\" decoding=\"async\" class=\"aligncenter wp-image-26741\" src=\"https:\/\/parafiarososzyca.pl\/wp-content\/uploads\/2025\/05\/Foto-295-768x512.jpg\" alt=\"\" width=\"500\" height=\"333\" srcset=\"https:\/\/parafiarososzyca.pl\/wp-content\/uploads\/2025\/05\/Foto-295-768x512.jpg 768w, https:\/\/parafiarososzyca.pl\/wp-content\/uploads\/2025\/05\/Foto-295-300x200.jpg 300w, https:\/\/parafiarososzyca.pl\/wp-content\/uploads\/2025\/05\/Foto-295-1024x683.jpg 1024w, https:\/\/parafiarososzyca.pl\/wp-content\/uploads\/2025\/05\/Foto-295-1536x1024.jpg 1536w, https:\/\/parafiarososzyca.pl\/wp-content\/uploads\/2025\/05\/Foto-295-2048x1365.jpg 2048w\" sizes=\"auto, (max-width: 500px) 100vw, 500px\" \/><\/p>\n<p style=\"text-align: justify;\" data-sourcepos=\"13:1-13:368\">Uroczysto\u015b\u0107 przebieg\u0142a w podnios\u0142ej atmosferze. M\u0142odzie\u017c, w od\u015bwi\u0119tnych strojach, z powag\u0105 i rado\u015bci\u0105 w sercach podchodzi\u0142a do Biskupa, aby przyj\u0105\u0107 dar Ducha \u015awi\u0119tego. By\u0142 to moment wzruszaj\u0105cy zar\u00f3wno dla samych bierzmowanych, jak i ich rodzic\u00f3w chrzestnych, rodzic\u00f3w oraz ca\u0142ej wsp\u00f3lnoty parafialnej, kt\u00f3ra z dum\u0105 obserwowa\u0142a ten wa\u017cny krok w \u017cyciu m\u0142odych parafian.<\/p>\n<p data-sourcepos=\"13:1-13:368\"><img loading=\"lazy\" decoding=\"async\" class=\"aligncenter wp-image-26737\" src=\"https:\/\/parafiarososzyca.pl\/wp-content\/uploads\/2025\/05\/Foto-471-768x512.jpg\" alt=\"\" width=\"500\" height=\"333\" srcset=\"https:\/\/parafiarososzyca.pl\/wp-content\/uploads\/2025\/05\/Foto-471-768x512.jpg 768w, https:\/\/parafiarososzyca.pl\/wp-content\/uploads\/2025\/05\/Foto-471-300x200.jpg 300w, https:\/\/parafiarososzyca.pl\/wp-content\/uploads\/2025\/05\/Foto-471-1024x683.jpg 1024w, https:\/\/parafiarososzyca.pl\/wp-content\/uploads\/2025\/05\/Foto-471-1536x1024.jpg 1536w, https:\/\/parafiarososzyca.pl\/wp-content\/uploads\/2025\/05\/Foto-471-2048x1365.jpg 2048w\" sizes=\"auto, (max-width: 500px) 100vw, 500px\" \/><\/p>\n<p style=\"text-align: justify;\" data-sourcepos=\"15:1-15:244\">\u017byczymy wszystkim bierzmowanym, aby otrzymane dary Ducha \u015awi\u0119tego zaowocowa\u0142y w ich \u017cyciu, prowadz\u0105c ich przez dalsze lata w wierze, nadziei i mi\u0142o\u015bci. Niech ten dzie\u0144 b\u0119dzie dla nich pocz\u0105tkiem g\u0142\u0119bszej i bardziej \u015bwiadomej drogi z Chrystusem.<\/p>\n","protected":false},"excerpt":{"rendered":"<p>22 maja 2025 roku by\u0142 dniem pe\u0142nym duchowej rado\u015bci i wzrusze\u0144 w naszej Parafii . W tym szczeg\u00f3lnym dniu 35 m\u0142odych ludzi przyj\u0119\u0142o sakrament bierzmowania, staj\u0105c si\u0119 w pe\u0142ni \u015bwiadomymi i dojrza\u0142ymi cz\u0142onkami wsp\u00f3lnoty Ko\u015bcio\u0142a. Uroczystej Mszy \u015awi\u0119tej przewodniczy\u0142 i sakramentu bierzmowania udzieli\u0142 Biskup \u0141ukasz Buzun. Jego obecno\u015b\u0107 i s\u0142owa pe\u0142ne wiary i m\u0105dro\u015bci by\u0142y &#8230; <span class=\"more\"><a class=\"more-link\" href=\"https:\/\/parafiarososzyca.pl\/index.php\/2025\/05\/26\/bierzmowanie-2\/\">Czytaj dalej<\/a><\/span><\/p>\n","protected":false},"author":1,"featured_media":0,"comment_status":"open","ping_status":"open","sticky":false,"template":"","format":"standard","meta":{"ngg_post_thumbnail":0,"footnotes":"","_links_to":"","_links_to_target":""},"categories":[16],"tags":[],"class_list":{"0":"entry","1":"post","2":"publish","3":"author-admin","4":"has-more-link","5":"post-26735","7":"format-standard","8":"category-rok-2025"},"_links":{"self":[{"href":"https:\/\/parafiarososzyca.pl\/index.php\/wp-json\/wp\/v2\/posts\/26735","targetHints":{"allow":["GET"]}}],"collection":[{"href":"https:\/\/parafiarososzyca.pl\/index.php\/wp-json\/wp\/v2\/posts"}],"about":[{"href":"https:\/\/parafiarososzyca.pl\/index.php\/wp-json\/wp\/v2\/types\/post"}],"author":[{"embeddable":true,"href":"https:\/\/parafiarososzyca.pl\/index.php\/wp-json\/wp\/v2\/users\/1"}],"replies":[{"embeddable":true,"href":"https:\/\/parafiarososzyca.pl\/index.php\/wp-json\/wp\/v2\/comments?post=26735"}],"version-history":[{"count":4,"href":"https:\/\/parafiarososzyca.pl\/index.php\/wp-json\/wp\/v2\/posts\/26735\/revisions"}],"predecessor-version":[{"id":26742,"href":"https:\/\/parafiarososzyca.pl\/index.php\/wp-json\/wp\/v2\/posts\/26735\/revisions\/26742"}],"wp:attachment":[{"href":"https:\/\/parafiarososzyca.pl\/index.php\/wp-json\/wp\/v2\/media?parent=26735"}],"wp:term":[{"taxonomy":"category","embeddable":true,"href":"https:\/\/parafiarososzyca.pl\/index.php\/wp-json\/wp\/v2\/categories?post=26735"},{"taxonomy":"post_tag","embeddable":true,"href":"https:\/\/parafiarososzyca.pl\/index.php\/wp-json\/wp\/v2\/tags?post=26735"}],"curies":[{"name":"wp","href":"https:\/\/api.w.org\/{rel}","templated":true}]}}