{"id":26695,"date":"2025-05-08T18:36:44","date_gmt":"2025-05-08T18:36:44","guid":{"rendered":"https:\/\/parafiarososzyca.pl\/?p=26695"},"modified":"2025-05-08T18:39:28","modified_gmt":"2025-05-08T18:39:28","slug":"amerykanin-robert-prevost-nowym-papiezem-leonem-xiv","status":"publish","type":"post","link":"https:\/\/parafiarososzyca.pl\/index.php\/2025\/05\/08\/amerykanin-robert-prevost-nowym-papiezem-leonem-xiv\/","title":{"rendered":"Amerykanin Robert Prevost Nowym Papie\u017cem Leonem XIV"},"content":{"rendered":"<p style=\"text-align: justify;\" data-sourcepos=\"3:1-3:842\"><a href=\"https:\/\/parafiarososzyca.pl\/wp-content\/uploads\/2025\/05\/495377028_10228645821834410_814595791374165588_n.jpg\"><img loading=\"lazy\" decoding=\"async\" class=\"alignleft size-thumbnail wp-image-26696\" src=\"https:\/\/parafiarososzyca.pl\/wp-content\/uploads\/2025\/05\/495377028_10228645821834410_814595791374165588_n-150x150.jpg\" alt=\"\" width=\"150\" height=\"150\" srcset=\"https:\/\/parafiarososzyca.pl\/wp-content\/uploads\/2025\/05\/495377028_10228645821834410_814595791374165588_n-150x150.jpg 150w, https:\/\/parafiarososzyca.pl\/wp-content\/uploads\/2025\/05\/495377028_10228645821834410_814595791374165588_n-300x300.jpg 300w, https:\/\/parafiarososzyca.pl\/wp-content\/uploads\/2025\/05\/495377028_10228645821834410_814595791374165588_n-768x765.jpg 768w, https:\/\/parafiarososzyca.pl\/wp-content\/uploads\/2025\/05\/495377028_10228645821834410_814595791374165588_n.jpg 862w\" sizes=\"auto, (max-width: 150px) 100vw, 150px\" \/><\/a>Wieczorem 8 maja 2025 roku, po s\u0142owach &#8222;Habemus Papam!&#8221; og\u0142oszonych z loggii Bazyliki \u015awi\u0119tego Piotra, \u015bwiat dowiedzia\u0142 si\u0119, \u017ce nowym, 267. papie\u017cem zosta\u0142 ameryka\u0144ski kardyna\u0142 Robert Francis Prevost, kt\u00f3ry przyj\u0105\u0142 imi\u0119 Leon XIV. To tradycyjne og\u0142oszenie zako\u0144czy\u0142o konklawe i formalnie zaprezentowa\u0142o nowego zwierzchnika Ko\u015bcio\u0142a katolickiego. W pierwszych s\u0142owach, po w\u0142osku i hiszpa\u0144sku, papie\u017c Leon XIV pozdrowi\u0142 wiernych, akcentuj\u0105c pok\u00f3j, dialog i ewangelizacj\u0119 misyjn\u0105. Zauwa\u017cono, \u017ce mia\u0142 na sobie tradycyjn\u0105 czerwon\u0105 peleryn\u0119 papiesk\u0105, w odr\u00f3\u017cnieniu od papie\u017ca Franciszka w 2013 roku. Gest ten, wraz z pierwszymi s\u0142owami, jest analizowany pod k\u0105tem priorytet\u00f3w nowego pontyfikatu, sugeruj\u0105c potencjalne uwra\u017cliwienie na tradycyjn\u0105 symbolik\u0119 przy jednoczesnym kontynuowaniu pastoralnego kierunku poprzednika.<span class=\"button-container hide-from-message-actions ng-star-inserted\">&nbsp; <\/span><!--more--><\/p>\n<h2 style=\"text-align: justify;\" data-sourcepos=\"5:1-5:40\">Kr\u00f3tki opis konklawe i jego przebiegu<\/h2>\n<p style=\"text-align: justify;\" data-sourcepos=\"7:1-7:996\">Konklawe w Kaplicy Syksty\u0144skiej, z udzia\u0142em 133 kardyna\u0142\u00f3w elektor\u00f3w, trwa\u0142o oko\u0142o doby. Bia\u0142y dym drugiego dnia obrad zasygnalizowa\u0142 wyb\u00f3r nowego papie\u017ca, co sugeruje szybkie osi\u0105gni\u0119cie wymaganej wi\u0119kszo\u015bci dw\u00f3ch trzecich g\u0142os\u00f3w. Konklawe to czas intensywnych modlitw i g\u0142osowa\u0144, obj\u0119tych \u015bcis\u0142\u0105 tajemnic\u0105 zgodnie z konstytucj\u0105 apostolsk\u0105 <em>Universi Dominici Gregis<\/em>. Szybki wyb\u00f3r mo\u017ce wskazywa\u0107 na wy\u0142onienie si\u0119 kardyna\u0142a Prevosta jako kandydata konsensusu, zdolnego do \u0142\u0105czenia r\u00f3\u017cnych perspektyw w zr\u00f3\u017cnicowanym Kolegium Kardynalskim ukszta\u0142towanym przez nominacje papie\u017ca Franciszka. Jego profil jako umiarkowanego , z do\u015bwiadczeniem kurialnym i misyjnym oraz poparciem dla synodalno\u015bci , m\u00f3g\u0142 przem\u00f3wi\u0107 do szerokiego grona. Szybko\u015b\u0107 wyboru mog\u0142a r\u00f3wnie\u017c odzwierciedla\u0107 pragnienie kardyna\u0142\u00f3w okazania jedno\u015bci w obliczu polaryzacji , a pracowito\u015b\u0107 i klarowno\u015b\u0107 Prevosta mog\u0142y by\u0107 w tym kontek\u015bcie uspokajaj\u0105ce.<span class=\"button-container hide-from-message-actions ng-star-inserted\">&nbsp; &nbsp;<\/span><\/p>\n<div class=\"container ng-tns-c3432034133-188 hide\" style=\"text-align: justify;\">\n<div class=\"carousel-container ng-tns-c3432034133-188\">\n<div class=\"carousel-content ng-tns-c3432034133-188\">\n<h2 class=\"sources-carousel-source ng-tns-c3432034133-188 hide ng-star-inserted\" data-test-id=\"sources-carousel-source\">Kim Jest Papie\u017c Leon XIV? Sylwetka Roberta Prevosta<\/h2>\n<\/div>\n<\/div>\n<\/div>\n<p style=\"text-align: justify;\" data-sourcepos=\"13:1-13:397\">Robert Francis Prevost, urodzony 14 wrze\u015bnia 1955 roku w Chicago w rodzinie o francusko-w\u0142oskich korzeniach, od wczesnych lat mia\u0142 kontakt z duchowie\u0144stwem. W 1977 roku wst\u0105pi\u0142 do Zakonu Augustian\u00f3w , \u015bluby wieczyste z\u0142o\u017cy\u0142 w 1981 roku. Uzyska\u0142 licencjat z matematyki, dyplom z teologii oraz doktorat z prawa kanonicznego. \u015awi\u0119cenia kap\u0142a\u0144skie przyj\u0105\u0142 w 1982 roku.<span class=\"button-container hide-from-message-actions ng-star-inserted\">&nbsp; &nbsp;<\/span><\/p>\n<p style=\"text-align: justify;\" data-sourcepos=\"15:1-15:495\">Jego karier\u0119 zdominowa\u0142a wieloletnia praca misyjna w Peru, rozpocz\u0119ta w 1985 roku, gdzie s\u0142u\u017cy\u0142 jako misjonarz, proboszcz i wyk\u0142adowca. W 2015 roku przyj\u0105\u0142 obywatelstwo peruwia\u0144skie. To do\u015bwiadczenie na Globalnym Po\u0142udniu, w po\u0142\u0105czeniu z ameryka\u0144skimi korzeniami i akademickim przygotowaniem, zapewnia mu unikaln\u0105 &#8222;podw\u00f3jn\u0105 perspektyw\u0119&#8221; i g\u0142\u0119bokie zrozumienie &#8222;Ko\u015bcio\u0142a ubogich&#8221;, ukszta\u0142towane przez realia Ameryki \u0141aci\u0144skiej.<span class=\"button-container hide-from-message-actions ng-star-inserted\">&nbsp; &nbsp;<\/span><\/p>\n<h2 style=\"text-align: justify;\" data-sourcepos=\"17:1-17:38\">Do\u015bwiadczenie i Kluczowe Stanowiska<\/h2>\n<p style=\"text-align: justify;\" data-sourcepos=\"19:1-19:385\">Przed wyborem na papie\u017ca, kardyna\u0142 Prevost by\u0142 Przeorem Generalnym Zakonu Augustian\u00f3w (2001\u20132013), podr\u00f3\u017cuj\u0105c po \u015bwiecie. W 2014 roku papie\u017c Franciszek mianowa\u0142 go biskupem Chiclayo w Peru (do 2023 roku). Pe\u0142ni\u0142 tak\u017ce funkcj\u0119 administratora apostolskiego Callao (2020-2021) i wiceprzewodnicz\u0105cego Konferencji Episkopatu Peru (2018-2023).<span class=\"button-container hide-from-message-actions ng-star-inserted\">&nbsp; &nbsp;<\/span><\/p>\n<p style=\"text-align: justify;\" data-sourcepos=\"21:1-21:519\">W styczniu 2023 roku zosta\u0142 Prefektem Dykasterii ds. Biskup\u00f3w i Przewodnicz\u0105cym Papieskiej Komisji ds. Ameryki \u0141aci\u0144skiej. We wrze\u015bniu 2023 roku zosta\u0142 kardyna\u0142em , a w 2025 roku kardyna\u0142em-biskupem. Jego wszechstronne do\u015bwiadczenie \u2013 od misjonarza, przez globalnego prze\u0142o\u017conego zakonnego i biskupa diecezjalnego, po szefa kluczowej dykasterii \u2013 czyni go kandydatem \u0142\u0105cz\u0105cym do\u015bwiadczenie duszpasterskie z administracyjnym, co jest rzadko\u015bci\u0105.<span class=\"button-container hide-from-message-actions ng-star-inserted\">&nbsp; &nbsp;<\/span><\/p>\n<h2 style=\"text-align: justify;\" data-sourcepos=\"23:1-23:46\">Duchowo\u015b\u0107 Augustia\u0144ska: Wp\u0142yw na Pontyfikat<\/h2>\n<p style=\"text-align: justify;\" data-sourcepos=\"25:1-25:655\">Papie\u017c Leon XIV jest augustianinem. Duchowo\u015b\u0107 ta k\u0142adzie nacisk na wsp\u00f3lnot\u0119, poszukiwanie Boga, mi\u0142o\u015b\u0107 bli\u017aniego, prawd\u0119, mi\u0142osierdzie, przyja\u017a\u0144, pokor\u0119 i ub\u00f3stwo, d\u0105\u017c\u0105c do r\u00f3wnowagi &#8222;mi\u0142o\u015bci i nauki&#8221;. Tradycja ta, z jej naciskiem na wsp\u00f3lnot\u0119 i dialog, dobrze wsp\u00f3\u0142gra z koncepcj\u0105 synodalno\u015bci i mo\u017ce stanowi\u0107 ramy dla radzenia sobie z polaryzacj\u0105 w Ko\u015bciele. Augustia\u0144ski nacisk na &#8222;przyw\u00f3dztwo s\u0142u\u017cebne&#8221; mo\u017ce prze\u0142o\u017cy\u0107 si\u0119 na styl zarz\u0105dzania papieskiego bardziej skoncentrowany na wzmacnianiu lokalnych Ko\u015bcio\u0142\u00f3w, co zgadza si\u0119 z jego pragnieniem, by biskupi byli s\u0142ugami.<span class=\"button-container hide-from-message-actions ng-star-inserted\">&nbsp; &nbsp;<\/span><\/p>\n<h2 style=\"text-align: justify;\" data-sourcepos=\"29:1-29:51\">Prze\u0142amanie Tabu: Papie\u017c z USA i jego implikacje<\/h2>\n<p style=\"text-align: justify;\" data-sourcepos=\"31:1-31:733\">Robert Prevost jest pierwszym papie\u017cem z USA. D\u0142ugo istnia\u0142o tabu dotycz\u0105ce papie\u017ca z tego kraju ze wzgl\u0119du na jego geopolityczn\u0105 pot\u0119g\u0119 oraz historyczny antykatolicyzm w USA. Jego peruwia\u0144skie obywatelstwo i do\u015bwiadczenie mog\u0142y z\u0142agodzi\u0107 te obawy. Wyb\u00f3r Amerykanina z do\u015bwiadczeniem na Globalnym Po\u0142udniu mo\u017ce sygnalizowa\u0107 strategi\u0119 Watykanu maj\u0105c\u0105 na celu zaanga\u017cowanie Zachodu bez alienowania Ko\u015bcio\u0142a w krajach rozwijaj\u0105cych si\u0119, oferuj\u0105c unikalny pomost. Jego profil (misjonarz, augustianin, obywatel Peru) komplikuje obawy o zbyt bliskie zwi\u0105zanie Ko\u015bcio\u0142a z ameryka\u0144skimi interesami, pozwalaj\u0105c na zaanga\u017cowanie z zachowaniem krytycznego dystansu.<span class=\"button-container hide-from-message-actions ng-star-inserted\">&nbsp; &nbsp;<\/span><\/p>\n<h2 style=\"text-align: justify;\" data-sourcepos=\"33:1-33:68\">Symbolika Imienia Leon: Si\u0142a, Tradycja i Dziedzictwo Poprzednik\u00f3w<\/h2>\n<p style=\"text-align: justify;\" data-sourcepos=\"35:1-35:709\">Kardyna\u0142 Prevost przyj\u0105\u0142 imi\u0119 Leon XIV. Wyb\u00f3r imienia jest symboliczny; &#8222;Leon&#8221; historycznie oznacza si\u0142\u0119 w czasach kryzysu. Leon I Wielki (440-461) broni\u0142 ortodoksji i prymatu papieskiego. Leon XIII (1878-1903), ostatni papie\u017c o tym imieniu, jest znany z encykliki <em>Rerum Novarum<\/em>, fundamentu katolickiej nauki spo\u0142ecznej. Wyb\u00f3r imienia &#8222;Leon&#8221; sugeruje intencj\u0119 bycia silnym liderem, skupionym na sprawiedliwo\u015bci spo\u0142ecznej i dialogu, by\u0107 mo\u017ce syntetyzuj\u0105c duszpasterskie skupienie Franciszka z zaanga\u017cowaniem Leona XIII. Mo\u017ce to by\u0107 r\u00f3wnie\u017c przes\u0142anie o potrzebie jasnego przyw\u00f3dztwa w spolaryzowanym Ko\u015bciele.<span class=\"button-container hide-from-message-actions ng-star-inserted\">&nbsp; &nbsp;<\/span><\/p>\n<h2 style=\"text-align: justify;\" data-sourcepos=\"39:1-39:61\">Teologiczne i Pastoralne Kierunki: Kontynuacja czy Zmiana?<\/h2>\n<p style=\"text-align: justify;\" data-sourcepos=\"41:1-41:1002\">Papie\u017c Leon XIV jest postrzegany jako centrysta z progresywnymi sk\u0142onno\u015bciami spo\u0142ecznymi, podzielaj\u0105cy podobie\u0144stwa z Franciszkiem, zw\u0142aszcza w s\u0142u\u017cbie ubogim. Oczekuje si\u0119 kontynuacji reform Franciszka, cho\u0107 by\u0107 mo\u017ce w bardziej pragmatycznym stylu. Jest zwolennikiem synodalno\u015bci jako &#8222;antidotum na polaryzacj\u0119&#8221;. Podkre\u015bla podej\u015bcie &#8222;najpierw duszpasterze&#8221; i jedno\u015b\u0107 Ko\u015bcio\u0142a jako priorytet. Jednocze\u015bnie prezentuje konserwatywne stanowisko w niekt\u00f3rych kwestiach doktrynalnych, np. sprzeciwiaj\u0105c si\u0119 \u015bwi\u0119ceniom kobiet i wyra\u017caj\u0105c zaniepokojenie &#8222;stylem \u017cycia homoseksualnego&#8221;. Wykaza\u0142 umiarkowane poparcie dla <em>Fiducia Supplicans<\/em>, podkre\u015blaj\u0105c rol\u0119 episkopat\u00f3w. Wydaje si\u0119 uosabia\u0107 &#8222;franciszka\u0144sk\u0105 ci\u0105g\u0142o\u015b\u0107 z augustia\u0144skim pragmatyzmem&#8221;, mog\u0105c by\u0107 &#8222;budowniczym most\u00f3w&#8221; w spolaryzowanym Ko\u015bciele, \u0142\u0105cz\u0105c duszpastersk\u0105 otwarto\u015b\u0107 z doktrynaln\u0105 ostro\u017cno\u015bci\u0105.<span class=\"button-container hide-from-message-actions ng-star-inserted\">&nbsp; &nbsp;<\/span><\/p>\n<h2 style=\"text-align: justify;\" data-sourcepos=\"43:1-43:61\">Kluczowe Wyzwania Stoj\u0105ce Przed Nowym Papie\u017cem i Ko\u015bcio\u0142em<\/h2>\n<p style=\"text-align: justify;\" data-sourcepos=\"45:1-45:656\">Nowy papie\u017c staje w obliczu polaryzacji w Ko\u015bciele, reperkusji skandalu nadu\u017cy\u0107 seksualnych, sekularyzacji i spadaj\u0105cej frekwencji, zw\u0142aszcza w\u015br\u00f3d m\u0142odzie\u017cy. Musi kontynuowa\u0107 zaanga\u017cowanie w sprawiedliwo\u015b\u0107 spo\u0142eczn\u0105 (ub\u00f3stwo, migracja, \u015brodowisko) , nawigowa\u0107 w kwestiach etycznych (bioetyka, technologia) , prowadzi\u0107 dialog mi\u0119dzyreligijny oraz zajmowa\u0107 si\u0119 debatami dotycz\u0105cymi LGBTQ+ i roli kobiet. Jego augustia\u0144ska duchowo\u015b\u0107 i intelektualne zaanga\u017cowanie mog\u0105 pom\u00f3c w artykulowaniu przes\u0142ania Ko\u015bcio\u0142a we wsp\u00f3\u0142czesnym \u015bwiecie.<span class=\"button-container hide-from-message-actions ng-star-inserted\">&nbsp; &nbsp;<\/span><\/p>\n<h2 style=\"text-align: justify;\" data-sourcepos=\"47:1-47:71\">Kwestie Kontrowersyjne: Jak Papie\u017c Leon XIV Mo\u017ce Si\u0119 z Nimi Zmierzy\u0107<\/h2>\n<p style=\"text-align: justify;\" data-sourcepos=\"49:1-49:1107\">Pontyfikat Leona XIV rozpoczyna si\u0119 w cieniu nierozwi\u0105zanych kwestii dotycz\u0105cych jego post\u0119powania w sprawach o nadu\u017cycia seksualne. W 2000 roku, jako prze\u0142o\u017cony Augustian\u00f3w, zatwierdzi\u0142 umieszczenie ksi\u0119dza oskar\u017conego o nadu\u017cycia w pobli\u017cu szko\u0142y, co spotka\u0142o si\u0119 z krytyk\u0105. W jego obronie podnosi si\u0119, \u017ce decyzj\u0119 podj\u0105\u0142 lokalny przeor, a ksi\u0105dz nie by\u0142 Augustianinem. W 2022 roku, jako biskup Chiclayo, oskar\u017cono go o powolne dzia\u0142anie w sprawie zarzut\u00f3w wobec dw\u00f3ch ksi\u0119\u017cy; diecezja stwierdzi\u0142a, \u017ce post\u0119powa\u0142 zgodnie z normami. W maju 2025 pojawi\u0142y si\u0119 zarzuty o wyp\u0142at\u0119 pieni\u0119dzy rzekomym ofiarom w celu ich uciszenia. Te nierozwi\u0105zane zarzuty wymagaj\u0105 od niego wyj\u0105tkowo proaktywnego i przejrzystego dzia\u0142ania. Jego przesz\u0142e do\u015bwiadczenia i przygotowanie w prawie kanonicznym mog\u0105 go zmotywowa\u0107 do forsowania silniejszych \u015brodk\u00f3w odpowiedzialno\u015bci. Spos\u00f3b, w jaki odniesie si\u0119 do tych zarzut\u00f3w, mo\u017ce sta\u0107 si\u0119 studium przypadku przyw\u00f3dztwa w kryzysie, wymagaj\u0105c augustia\u0144skiej pokory i zaanga\u017cowania w prawd\u0119.<span class=\"button-container hide-from-message-actions ng-star-inserted\">&nbsp; &nbsp;<\/span><\/p>\n<h2 style=\"text-align: justify;\" data-sourcepos=\"53:1-53:42\">Pierwsze reakcje z Watykanu i ze \u015bwiata<\/h2>\n<p style=\"text-align: justify;\" data-sourcepos=\"55:1-55:578\">Wyb\u00f3r spotka\u0142 si\u0119 z entuzjazmem na Placu \u015awi\u0119tego Piotra i globalnie. W Kostaryce, reprezentuj\u0105cej Ameryk\u0119 \u0141aci\u0144sk\u0105, przyj\u0119to go z dum\u0105, postrzegaj\u0105c jako &#8222;most mi\u0119dzy Watykanem a naszym ludem&#8221; ze wzgl\u0119du na jego s\u0142u\u017cb\u0119 w regionie. Jego wcze\u015bniejsza nominacja na Prefekta Dykasterii ds. Biskup\u00f3w r\u00f3wnie\u017c spotka\u0142a si\u0119 z uznaniem.Pozytywna reakcja z Ameryki \u0141aci\u0144skiej sugeruje, \u017ce jego unikalne pochodzenie jest postrzegane jako atut dla globalnej jedno\u015bci, \u0142agodz\u0105c obawy wobec papie\u017ca z supermocarstwa dzi\u0119ki jego empatycznej s\u0142u\u017cbie w Peru.<span class=\"button-container hide-from-message-actions ng-star-inserted\">&nbsp; &nbsp;<\/span><\/p>\n<h2 style=\"text-align: justify;\" data-sourcepos=\"57:1-57:55\">Nadzieje i oczekiwania zwi\u0105zane z nowym pontyfikatem<\/h2>\n<p style=\"text-align: justify;\" data-sourcepos=\"59:1-59:698\">Oczekuje si\u0119 kontynuacji reform Franciszka, wizji inkluzywnego Ko\u015bcio\u0142a oraz nacisku na wsp\u00f3\u0142czucie i synodalno\u015b\u0107.Istnieje nadzieja, \u017ce jego do\u015bwiadczenie i umiarkowane stanowisko przynios\u0105 odnow\u0119. Jego augustia\u0144ska duchowo\u015b\u0107 mo\u017ce ukszta\u0142towa\u0107 pontyfikat skoncentrowany na wewn\u0119trznej odnowie, reformie seminari\u00f3w i Kurii. Oczekiwania s\u0105 zr\u00f3\u017cnicowane, ale wielu liczy na lidera jednocz\u0105cego i inspiruj\u0105cego. Przewiduje si\u0119, \u017ce b\u0119dzie &#8222;duszpasterzem-administratorem&#8221; prowadz\u0105cym ze &#8222;stalow\u0105 determinacj\u0105 i jasno\u015bci\u0105&#8221; w &#8222;cichszym, kontemplacyjnym tonie&#8221; , co mo\u017ce oznacza\u0107 konsolidacj\u0119 i metodyczny post\u0119p po dynamizmie Franciszka.<span class=\"button-container hide-from-message-actions ng-star-inserted\">&nbsp; &nbsp;<\/span><\/p>\n<h2 style=\"text-align: justify;\" data-sourcepos=\"61:1-61:50\">Wnioski: Nowy Rozdzia\u0142 dla Ko\u015bcio\u0142a Katolickiego<\/h2>\n<p style=\"text-align: justify;\" data-sourcepos=\"63:1-63:565\">Wyb\u00f3r papie\u017ca Leona XIV, ameryka\u0144skiego augustianina z korzeniami w Peru, to donios\u0142y moment. Imi\u0119 i do\u015bwiadczenie sugeruj\u0105 pontyfikat \u0142\u0105cz\u0105cy ci\u0105g\u0142o\u015b\u0107 z wizj\u0105 Franciszka z naciskiem na jedno\u015b\u0107, sprawiedliwo\u015b\u0107 spo\u0142eczn\u0105 i augustia\u0144skie zarz\u0105dzanie. Staje przed wyzwaniami polaryzacji i kryzysu nadu\u017cy\u0107, gdzie jego przyw\u00f3dztwo b\u0119dzie kluczowe. Jego unikalny profil stwarza potencja\u0142 budowania most\u00f3w, ale zdolno\u015b\u0107 do nawigowania po z\u0142o\u017conych kwestiach zdefiniuje jego dziedzictwo. Ko\u015bci\u00f3\u0142 wkracza w nowy rozdzia\u0142 z liderem o globalnej i duszpasterskiej perspektywie.<\/p>\n","protected":false},"excerpt":{"rendered":"<p>Wieczorem 8 maja 2025 roku, po s\u0142owach &#8222;Habemus Papam!&#8221; og\u0142oszonych z loggii Bazyliki \u015awi\u0119tego Piotra, \u015bwiat dowiedzia\u0142 si\u0119, \u017ce nowym, 267. papie\u017cem zosta\u0142 ameryka\u0144ski kardyna\u0142 Robert Francis Prevost, kt\u00f3ry przyj\u0105\u0142 imi\u0119 Leon XIV. To tradycyjne og\u0142oszenie zako\u0144czy\u0142o konklawe i formalnie zaprezentowa\u0142o nowego zwierzchnika Ko\u015bcio\u0142a katolickiego. W pierwszych s\u0142owach, po w\u0142osku i hiszpa\u0144sku, papie\u017c Leon XIV &#8230; <span class=\"more\"><a class=\"more-link\" href=\"https:\/\/parafiarososzyca.pl\/index.php\/2025\/05\/08\/amerykanin-robert-prevost-nowym-papiezem-leonem-xiv\/\">Czytaj dalej<\/a><\/span><\/p>\n","protected":false},"author":1,"featured_media":0,"comment_status":"closed","ping_status":"closed","sticky":false,"template":"","format":"standard","meta":{"ngg_post_thumbnail":0,"footnotes":"","_links_to":"","_links_to_target":""},"categories":[16],"tags":[],"class_list":{"0":"entry","1":"post","2":"publish","3":"author-admin","4":"has-more-link","5":"post-26695","7":"format-standard","8":"category-rok-2025"},"_links":{"self":[{"href":"https:\/\/parafiarososzyca.pl\/index.php\/wp-json\/wp\/v2\/posts\/26695","targetHints":{"allow":["GET"]}}],"collection":[{"href":"https:\/\/parafiarososzyca.pl\/index.php\/wp-json\/wp\/v2\/posts"}],"about":[{"href":"https:\/\/parafiarososzyca.pl\/index.php\/wp-json\/wp\/v2\/types\/post"}],"author":[{"embeddable":true,"href":"https:\/\/parafiarososzyca.pl\/index.php\/wp-json\/wp\/v2\/users\/1"}],"replies":[{"embeddable":true,"href":"https:\/\/parafiarososzyca.pl\/index.php\/wp-json\/wp\/v2\/comments?post=26695"}],"version-history":[{"count":5,"href":"https:\/\/parafiarososzyca.pl\/index.php\/wp-json\/wp\/v2\/posts\/26695\/revisions"}],"predecessor-version":[{"id":26701,"href":"https:\/\/parafiarososzyca.pl\/index.php\/wp-json\/wp\/v2\/posts\/26695\/revisions\/26701"}],"wp:attachment":[{"href":"https:\/\/parafiarososzyca.pl\/index.php\/wp-json\/wp\/v2\/media?parent=26695"}],"wp:term":[{"taxonomy":"category","embeddable":true,"href":"https:\/\/parafiarososzyca.pl\/index.php\/wp-json\/wp\/v2\/categories?post=26695"},{"taxonomy":"post_tag","embeddable":true,"href":"https:\/\/parafiarososzyca.pl\/index.php\/wp-json\/wp\/v2\/tags?post=26695"}],"curies":[{"name":"wp","href":"https:\/\/api.w.org\/{rel}","templated":true}]}}