{"id":26687,"date":"2025-04-21T09:00:30","date_gmt":"2025-04-21T09:00:30","guid":{"rendered":"https:\/\/parafiarososzyca.pl\/?p=26687"},"modified":"2025-04-21T09:06:01","modified_gmt":"2025-04-21T09:06:01","slug":"zmarl-papiez-franciszek","status":"publish","type":"post","link":"https:\/\/parafiarososzyca.pl\/index.php\/2025\/04\/21\/zmarl-papiez-franciszek\/","title":{"rendered":"Zmar\u0142 Papie\u017c Franciszek"},"content":{"rendered":"<p style=\"text-align: justify;\"><strong>Papie\u017c Franciszek nie \u017cyje. Zmar\u0142 w wieku 88 lat<\/strong><\/p>\n<p style=\"text-align: justify;\"><a href=\"https:\/\/parafiarososzyca.pl\/wp-content\/uploads\/2025\/04\/z31872017AMPPapiez-Franciszek-nie-zyje.jpg\"><img loading=\"lazy\" decoding=\"async\" class=\"alignleft size-medium wp-image-26689\" src=\"https:\/\/parafiarososzyca.pl\/wp-content\/uploads\/2025\/04\/z31872017AMPPapiez-Franciszek-nie-zyje-300x200.jpg\" alt=\"\" width=\"300\" height=\"200\" srcset=\"https:\/\/parafiarososzyca.pl\/wp-content\/uploads\/2025\/04\/z31872017AMPPapiez-Franciszek-nie-zyje-300x200.jpg 300w, https:\/\/parafiarososzyca.pl\/wp-content\/uploads\/2025\/04\/z31872017AMPPapiez-Franciszek-nie-zyje-1024x683.jpg 1024w, https:\/\/parafiarososzyca.pl\/wp-content\/uploads\/2025\/04\/z31872017AMPPapiez-Franciszek-nie-zyje-768x512.jpg 768w, https:\/\/parafiarososzyca.pl\/wp-content\/uploads\/2025\/04\/z31872017AMPPapiez-Franciszek-nie-zyje.jpg 1200w\" sizes=\"auto, (max-width: 300px) 100vw, 300px\" \/><\/a>W Poniedzia\u0142ek Wielkanocny, 21 kwietnia 2025 roku, o godzinie 7:35 rano, w Domu \u015awi\u0119tej Marty w Watykanie zmar\u0142 papie\u017c Franciszek. Informacj\u0119 o jego \u015bmierci przekaza\u0142 kardyna\u0142 Kevin Farrell, kamerling \u015awi\u0119tego Ko\u015bcio\u0142a Rzymskiego. Ojciec \u015awi\u0119ty odszed\u0142 po d\u0142ugiej walce z chorob\u0105, kt\u00f3ra nasili\u0142a si\u0119 w lutym 2025 roku, kiedy to trafi\u0142 do rzymskiej Polikliniki Gemelli z objawami zapalenia oskrzeli, kt\u00f3re przekszta\u0142ci\u0142o si\u0119 w obustronne zapalenie p\u0142uc.<\/p>\n<p style=\"text-align: justify;\">Mimo powa\u017cnych problem\u00f3w zdrowotnych, papie\u017c Franciszek do ko\u0144ca pe\u0142ni\u0142 swoje obowi\u0105zki. W Wielk\u0105 Sobot\u0119 uczestniczy\u0142 w Wigilii Paschalnej, a w Niedziel\u0119 Wielkanocn\u0105 udzieli\u0142 b\u0142ogos\u0142awie\u0144stwa Urbi et Orbi z balkonu bazyliki \u015awi\u0119tego Piotra. By\u0142 to jego ostatni publiczny wyst\u0119p.&nbsp;<\/p>\n<p style=\"text-align: justify;\">Jorge Mario Bergoglio, urodzony 17 grudnia 1936 roku w Buenos Aires, by\u0142 pierwszym papie\u017cem z Ameryki Po\u0142udniowej i pierwszym jezuit\u0105 na tym stanowisku. Zosta\u0142 wybrany na papie\u017ca 13 marca 2013 roku, przyjmuj\u0105c imi\u0119 Franciszek na cze\u015b\u0107 \u015bw. Franciszka z Asy\u017cu. Jego pontyfikat charakteryzowa\u0142 si\u0119 prostot\u0105, trosk\u0105 o ubogich oraz zaanga\u017cowaniem w dialog mi\u0119dzyreligijny i spo\u0142eczne sprawiedliwo\u015bci.<\/p>\n<p style=\"text-align: justify;\">Papie\u017c Franciszek ju\u017c w 2023 roku wyrazi\u0142 \u017cyczenie, aby po \u015bmierci nie wystawia\u0107 jego cia\u0142a na katafalku, lecz umie\u015bci\u0107 je bezpo\u015brednio w trumnie. Zdecydowa\u0142 r\u00f3wnie\u017c, \u017ce chce by\u0107 pochowany w rzymskiej Bazylice Matki Bo\u017cej Wi\u0119kszej, a nie w Bazylice \u015awi\u0119tego Piotra, co stanowi odej\u015bcie od tradycji.<\/p>\n<p style=\"text-align: justify;\">\u015amier\u0107 papie\u017ca Franciszka rozpoczyna dziewi\u0119ciodniowy okres \u017ca\u0142oby, znany jako Novemdiales. Konklawe, czyli zgromadzenie kardyna\u0142\u00f3w maj\u0105ce na celu wyb\u00f3r nowego papie\u017ca, odb\u0119dzie si\u0119 mi\u0119dzy 15. a 20. dniem po jego \u015bmierci. W konklawe mog\u0105 uczestniczy\u0107 jedynie kardyna\u0142owie poni\u017cej 80. roku \u017cycia.<\/p>\n<p style=\"text-align: justify;\">Papie\u017c Franciszek pozostanie w pami\u0119ci wiernych jako przyw\u00f3dca Ko\u015bcio\u0142a, kt\u00f3ry d\u0105\u017cy\u0142 do jego otwarto\u015bci, prostoty i blisko\u015bci z lud\u017ami, szczeg\u00f3lnie z tymi najbardziej potrzebuj\u0105cymi.<\/p>\n","protected":false},"excerpt":{"rendered":"<p>Papie\u017c Franciszek nie \u017cyje. Zmar\u0142 w wieku 88 lat W Poniedzia\u0142ek Wielkanocny, 21 kwietnia 2025 roku, o godzinie 7:35 rano, w Domu \u015awi\u0119tej Marty w Watykanie zmar\u0142 papie\u017c Franciszek. Informacj\u0119 o jego \u015bmierci przekaza\u0142 kardyna\u0142 Kevin Farrell, kamerling \u015awi\u0119tego Ko\u015bcio\u0142a Rzymskiego. Ojciec \u015awi\u0119ty odszed\u0142 po d\u0142ugiej walce z chorob\u0105, kt\u00f3ra nasili\u0142a si\u0119 w lutym 2025 &#8230; <span class=\"more\"><a class=\"more-link\" href=\"https:\/\/parafiarososzyca.pl\/index.php\/2025\/04\/21\/zmarl-papiez-franciszek\/\">Czytaj dalej<\/a><\/span><\/p>\n","protected":false},"author":1,"featured_media":0,"comment_status":"open","ping_status":"open","sticky":false,"template":"","format":"standard","meta":{"ngg_post_thumbnail":0,"footnotes":"","_links_to":"","_links_to_target":""},"categories":[16],"tags":[],"class_list":{"0":"entry","1":"post","2":"publish","3":"author-admin","4":"post-26687","6":"format-standard","7":"category-rok-2025"},"_links":{"self":[{"href":"https:\/\/parafiarososzyca.pl\/index.php\/wp-json\/wp\/v2\/posts\/26687","targetHints":{"allow":["GET"]}}],"collection":[{"href":"https:\/\/parafiarososzyca.pl\/index.php\/wp-json\/wp\/v2\/posts"}],"about":[{"href":"https:\/\/parafiarososzyca.pl\/index.php\/wp-json\/wp\/v2\/types\/post"}],"author":[{"embeddable":true,"href":"https:\/\/parafiarososzyca.pl\/index.php\/wp-json\/wp\/v2\/users\/1"}],"replies":[{"embeddable":true,"href":"https:\/\/parafiarososzyca.pl\/index.php\/wp-json\/wp\/v2\/comments?post=26687"}],"version-history":[{"count":2,"href":"https:\/\/parafiarososzyca.pl\/index.php\/wp-json\/wp\/v2\/posts\/26687\/revisions"}],"predecessor-version":[{"id":26690,"href":"https:\/\/parafiarososzyca.pl\/index.php\/wp-json\/wp\/v2\/posts\/26687\/revisions\/26690"}],"wp:attachment":[{"href":"https:\/\/parafiarososzyca.pl\/index.php\/wp-json\/wp\/v2\/media?parent=26687"}],"wp:term":[{"taxonomy":"category","embeddable":true,"href":"https:\/\/parafiarososzyca.pl\/index.php\/wp-json\/wp\/v2\/categories?post=26687"},{"taxonomy":"post_tag","embeddable":true,"href":"https:\/\/parafiarososzyca.pl\/index.php\/wp-json\/wp\/v2\/tags?post=26687"}],"curies":[{"name":"wp","href":"https:\/\/api.w.org\/{rel}","templated":true}]}}