{"id":26685,"date":"2025-04-20T07:16:46","date_gmt":"2025-04-20T07:16:46","guid":{"rendered":"https:\/\/parafiarososzyca.pl\/?p=26685"},"modified":"2025-04-20T07:16:46","modified_gmt":"2025-04-20T07:16:46","slug":"niedziela-wielkanocna-11","status":"publish","type":"post","link":"https:\/\/parafiarososzyca.pl\/index.php\/2025\/04\/20\/niedziela-wielkanocna-11\/","title":{"rendered":"Niedziela Wielkanocna"},"content":{"rendered":"<p style=\"text-align: justify;\">Wielkanoc to \u015awi\u0119to \u015bwi\u0105t chrze\u015bcija\u0144skich, a zarazem najwi\u0119ksze wydarzenie w ca\u0142ej historii zbawienia. W ten jak\u017ce radosny dzie\u0144 \u015bpiewamy w Sekwencji: \u201eZmartwychwsta\u0142 ju\u017c Chrystus, Pan m\u00f3j i nadzieja\u201d. Najpierw kobiety, p\u00f3\u017aniej uczniowie, a na ko\u0144cu i Piotr odkrywaj\u0105 radosn\u0105 prawd\u0119: \u201eTego w\u0142a\u015bnie Jezusa wskrzesi\u0142 B\u00f3g, a my wszyscy jeste\u015bmy tego \u015bwiadkami\u201d.<!--more--><\/p>\n<p style=\"text-align: justify;\">Tajemnica Zmartwychwstania budzi przede wszystkim wielkie zdumienie, kt\u00f3re jest pocz\u0105tkiem wiary. To pierwsze i podstawowe do\u015bwiadczenie sta\u0142o si\u0119 udzia\u0142em uczni\u00f3w Jezusa \u201e[owego] pierwszego dnia po szabacie, wczesnym rankiem\u201d. Odczucie zdumienia, zdziwienia, zachwytu nad tajemnic\u0105 paschaln\u0105 towarzyszy p\u00f3\u017aniej wszystkim wyznawcom zmartwychwsta\u0142ego Pana. \u201ePierwsze zdziwienie: kamie\u0144 grobowy odwalony. Drugie zdziwienie jeszcze wi\u0119ksze: gr\u00f3b pusty. A dopowiedzenie ju\u017c nie s\u0142owem ludzkim, bo s\u0142owo ludzkie by tego nie potrafi\u0142o wypowiedzie\u0107. M\u00f3wi istota nadludzka: nie ma Go tu, zmartwychwsta\u0142. Te niewiasty biegn\u0105 do aposto\u0142\u00f3w i aposto\u0142owie nie wierz\u0105. Nie wierz\u0105! I wtedy ja \u2013 m\u00f3wi\u0142 \u015bw. Jan Pawe\u0142 II \u2013 nale\u017c\u0105cy do nast\u0119pc\u00f3w aposto\u0142\u00f3w, zrozumia\u0142em moich wielkich poprzednik\u00f3w (&#8230;). Zmartwychwstanie i zdumienie\u201d(Warszawa, 8.06.1991). Pod wp\u0142ywem \u015bwiadectwa Papie\u017ca mo\u017cemy przekona\u0107 si\u0119, \u017ce to w\u0142a\u015bnie zdumienie stoi u pocz\u0105tk\u00f3w wiary w tajemnic\u0119 Zmartwychwstania. Kto bowiem nie potrafi si\u0119 zdziwi\u0107, zdumie\u0107 i zachwyci\u0107 porankiem \u201epierwszego dnia\u201d, ten nigdy nie uwierzy w Zmartwychwsta\u0142ego!<\/p>\n<p style=\"text-align: justify;\">\u0179r\u00f3d\u0142o informacji: liturgia.wiara.pl<\/p>\n","protected":false},"excerpt":{"rendered":"<p>Wielkanoc to \u015awi\u0119to \u015bwi\u0105t chrze\u015bcija\u0144skich, a zarazem najwi\u0119ksze wydarzenie w ca\u0142ej historii zbawienia. W ten jak\u017ce radosny dzie\u0144 \u015bpiewamy w Sekwencji: \u201eZmartwychwsta\u0142 ju\u017c Chrystus, Pan m\u00f3j i nadzieja\u201d. Najpierw kobiety, p\u00f3\u017aniej uczniowie, a na ko\u0144cu i Piotr odkrywaj\u0105 radosn\u0105 prawd\u0119: \u201eTego w\u0142a\u015bnie Jezusa wskrzesi\u0142 B\u00f3g, a my wszyscy jeste\u015bmy tego \u015bwiadkami\u201d.<\/p>\n","protected":false},"author":1,"featured_media":0,"comment_status":"closed","ping_status":"closed","sticky":false,"template":"","format":"standard","meta":{"ngg_post_thumbnail":0,"footnotes":"","_links_to":"","_links_to_target":""},"categories":[16],"tags":[],"class_list":{"0":"entry","1":"post","2":"publish","3":"author-admin","4":"has-more-link","5":"post-26685","7":"format-standard","8":"category-rok-2025"},"_links":{"self":[{"href":"https:\/\/parafiarososzyca.pl\/index.php\/wp-json\/wp\/v2\/posts\/26685","targetHints":{"allow":["GET"]}}],"collection":[{"href":"https:\/\/parafiarososzyca.pl\/index.php\/wp-json\/wp\/v2\/posts"}],"about":[{"href":"https:\/\/parafiarososzyca.pl\/index.php\/wp-json\/wp\/v2\/types\/post"}],"author":[{"embeddable":true,"href":"https:\/\/parafiarososzyca.pl\/index.php\/wp-json\/wp\/v2\/users\/1"}],"replies":[{"embeddable":true,"href":"https:\/\/parafiarososzyca.pl\/index.php\/wp-json\/wp\/v2\/comments?post=26685"}],"version-history":[{"count":1,"href":"https:\/\/parafiarososzyca.pl\/index.php\/wp-json\/wp\/v2\/posts\/26685\/revisions"}],"predecessor-version":[{"id":26686,"href":"https:\/\/parafiarososzyca.pl\/index.php\/wp-json\/wp\/v2\/posts\/26685\/revisions\/26686"}],"wp:attachment":[{"href":"https:\/\/parafiarososzyca.pl\/index.php\/wp-json\/wp\/v2\/media?parent=26685"}],"wp:term":[{"taxonomy":"category","embeddable":true,"href":"https:\/\/parafiarososzyca.pl\/index.php\/wp-json\/wp\/v2\/categories?post=26685"},{"taxonomy":"post_tag","embeddable":true,"href":"https:\/\/parafiarososzyca.pl\/index.php\/wp-json\/wp\/v2\/tags?post=26685"}],"curies":[{"name":"wp","href":"https:\/\/api.w.org\/{rel}","templated":true}]}}