{"id":26680,"date":"2025-04-19T04:32:34","date_gmt":"2025-04-19T04:32:34","guid":{"rendered":"https:\/\/parafiarososzyca.pl\/?p=26680"},"modified":"2025-04-19T04:32:34","modified_gmt":"2025-04-19T04:32:34","slug":"swiecenie-potraw-3","status":"publish","type":"post","link":"https:\/\/parafiarososzyca.pl\/index.php\/2025\/04\/19\/swiecenie-potraw-3\/","title":{"rendered":"\u015awi\u0119cenie potraw"},"content":{"rendered":"<p class=\"p1\">\u015awi\u0119cenie potraw, zapraszam do ko\u015bcio\u0142a, na godz. 13:00; 14:00; 15:00; 16:00 i 17:00<\/p>\n","protected":false},"excerpt":{"rendered":"<p>\u015awi\u0119cenie potraw, zapraszam do ko\u015bcio\u0142a, na godz. 13:00; 14:00; 15:00; 16:00 i 17:00<\/p>\n","protected":false},"author":1,"featured_media":0,"comment_status":"closed","ping_status":"closed","sticky":false,"template":"","format":"standard","meta":{"ngg_post_thumbnail":0,"footnotes":"","_links_to":"","_links_to_target":""},"categories":[16],"tags":[],"class_list":{"0":"entry","1":"post","2":"publish","3":"author-admin","4":"post-26680","6":"format-standard","7":"category-rok-2025"},"_links":{"self":[{"href":"https:\/\/parafiarososzyca.pl\/index.php\/wp-json\/wp\/v2\/posts\/26680","targetHints":{"allow":["GET"]}}],"collection":[{"href":"https:\/\/parafiarososzyca.pl\/index.php\/wp-json\/wp\/v2\/posts"}],"about":[{"href":"https:\/\/parafiarososzyca.pl\/index.php\/wp-json\/wp\/v2\/types\/post"}],"author":[{"embeddable":true,"href":"https:\/\/parafiarososzyca.pl\/index.php\/wp-json\/wp\/v2\/users\/1"}],"replies":[{"embeddable":true,"href":"https:\/\/parafiarososzyca.pl\/index.php\/wp-json\/wp\/v2\/comments?post=26680"}],"version-history":[{"count":1,"href":"https:\/\/parafiarososzyca.pl\/index.php\/wp-json\/wp\/v2\/posts\/26680\/revisions"}],"predecessor-version":[{"id":26681,"href":"https:\/\/parafiarososzyca.pl\/index.php\/wp-json\/wp\/v2\/posts\/26680\/revisions\/26681"}],"wp:attachment":[{"href":"https:\/\/parafiarososzyca.pl\/index.php\/wp-json\/wp\/v2\/media?parent=26680"}],"wp:term":[{"taxonomy":"category","embeddable":true,"href":"https:\/\/parafiarososzyca.pl\/index.php\/wp-json\/wp\/v2\/categories?post=26680"},{"taxonomy":"post_tag","embeddable":true,"href":"https:\/\/parafiarososzyca.pl\/index.php\/wp-json\/wp\/v2\/tags?post=26680"}],"curies":[{"name":"wp","href":"https:\/\/api.w.org\/{rel}","templated":true}]}}