{"id":25708,"date":"2024-11-11T07:09:56","date_gmt":"2024-11-11T07:09:56","guid":{"rendered":"https:\/\/parafiarososzyca.pl\/?p=25708"},"modified":"2024-11-11T11:11:24","modified_gmt":"2024-11-11T11:11:24","slug":"11-listopada-wspomnienie-sw-marcina-z-tours","status":"publish","type":"post","link":"https:\/\/parafiarososzyca.pl\/index.php\/2024\/11\/11\/11-listopada-wspomnienie-sw-marcina-z-tours\/","title":{"rendered":"11 listopada \u2013 Wspomnienie \u015bw. Marcina z Tours"},"content":{"rendered":"<p style=\"text-align: justify;\">11 listopada to dzie\u0144, w kt\u00f3rym Ko\u015bci\u00f3\u0142 obchodzi wspomnienie \u015bw. Marcina z Tours \u2013 jednego z najbardziej cenionych \u015bwi\u0119tych, a zarazem wyj\u0105tkowy wz\u00f3r chrze\u015bcija\u0144skiego mi\u0142osierdzia i pokory. Cho\u0107 w Polsce ta data jest tak\u017ce \u015awi\u0119tem Niepodleg\u0142o\u015bci, warto przypomnie\u0107 o duchowej g\u0142\u0119bi tego dnia, kt\u00f3ry jednoczy nas w modlitwie za \u015bwi\u0119tego Marcina i inspiruje do na\u015bladowania jego \u017cycia.<\/p>\n<p style=\"text-align: justify;\">\u015awi\u0119ty Marcin urodzi\u0142 si\u0119 oko\u0142o 316 roku na terenach dzisiejszych W\u0119gier, a wychowywa\u0142 si\u0119 we W\u0142oszech. Ju\u017c jako m\u0142ody cz\u0142owiek do\u015bwiadczy\u0142 dzia\u0142ania Boga w swoim \u017cyciu. Jego najs\u0142ynniejszy czyn to epizod, gdy jako \u017co\u0142nierz rzymski podzieli\u0142 si\u0119 po\u0142ow\u0105 swojego p\u0142aszcza z ubogim cz\u0142owiekiem napotkanym na drodze. W nocy ukaza\u0142 mu si\u0119 Chrystus, okryty w\u0142a\u015bnie tym fragmentem p\u0142aszcza, co odmieni\u0142o jego \u017cycie i sk\u0142oni\u0142o do przyj\u0119cia chrztu. Wkr\u00f3tce Marcin zrezygnowa\u0142 z kariery wojskowej, aby w pe\u0142ni odda\u0107 si\u0119 s\u0142u\u017cbie Bogu.<!--more--><\/p>\n<p style=\"text-align: justify;\">Po przyj\u0119ciu sakramentu kap\u0142a\u0144stwa Marcin sta\u0142 si\u0119 misjonarzem, g\u0142osz\u0105c Ewangeli\u0119 na terenie Galii (dzisiejszej Francji). Jego oddanie dla ubogich, chorych i wykluczonych uczyni\u0142o go jednym z najbardziej szanowanych duchownych swoich czas\u00f3w. Z czasem wybrano go biskupem Tours, lecz nawet w tej roli zachowa\u0142 prostot\u0119 i pokor\u0119. \u015aw. Marcin by\u0142 pionierem \u017cycia monastycznego w Galii i za\u0142o\u017cy\u0142 jeden z pierwszych klasztor\u00f3w na Zachodzie.<\/p>\n<p style=\"text-align: justify;\">Jego \u015bwi\u0119to\u015b\u0107 mia\u0142a g\u0142\u0119bokie korzenie w postawie mi\u0142osierdzia. By\u0142 zawsze got\u00f3w pomaga\u0107 i okazywa\u0107 mi\u0142o\u015b\u0107 potrzebuj\u0105cym, staj\u0105c si\u0119 inspiracj\u0105 dla innych chrze\u015bcijan. Tradycje zwi\u0105zane z jego wspomnieniem przetrwa\u0142y wieki. W wielu krajach organizuje si\u0119 procesje i uroczysto\u015bci ku jego czci, a w Polsce, szczeg\u00f3lnie w Wielkopolsce, \u015bw. Marcin jest upami\u0119tniany m.in. poprzez pieczenie tradycyjnych rogali \u015bwi\u0119tomarci\u0144skich.<\/p>\n<p style=\"text-align: justify;\">11 listopada to czas, kiedy warto zatrzyma\u0107 si\u0119 na chwil\u0119, by pomy\u015ble\u0107 o warto\u015bciach, kt\u00f3re g\u0142osi\u0142 \u015bw. Marcin: mi\u0142o\u015bci, mi\u0142osierdziu i pokorze. Wzorem \u015bw. Marcina jeste\u015bmy zaproszeni do dzielenia si\u0119 z innymi i budowania braterskich relacji, kt\u00f3re s\u0105 fundamentem chrze\u015bcija\u0144skiego \u017cycia.<\/p>\n<p style=\"text-align: justify;\">Niech wspomnienie \u015bw. Marcina przypomina nam, \u017ce ka\u017cdy z nas mo\u017ce by\u0107 narz\u0119dziem Bo\u017cej mi\u0142o\u015bci, nios\u0105c \u015bwiat\u0142o i nadziej\u0119 tym, kt\u00f3rzy najbardziej tego potrzebuj\u0105.<\/p>\n","protected":false},"excerpt":{"rendered":"<p>11 listopada to dzie\u0144, w kt\u00f3rym Ko\u015bci\u00f3\u0142 obchodzi wspomnienie \u015bw. Marcina z Tours \u2013 jednego z najbardziej cenionych \u015bwi\u0119tych, a zarazem wyj\u0105tkowy wz\u00f3r chrze\u015bcija\u0144skiego mi\u0142osierdzia i pokory. Cho\u0107 w Polsce ta data jest tak\u017ce \u015awi\u0119tem Niepodleg\u0142o\u015bci, warto przypomnie\u0107 o duchowej g\u0142\u0119bi tego dnia, kt\u00f3ry jednoczy nas w modlitwie za \u015bwi\u0119tego Marcina i inspiruje do na\u015bladowania &#8230; <span class=\"more\"><a class=\"more-link\" href=\"https:\/\/parafiarososzyca.pl\/index.php\/2024\/11\/11\/11-listopada-wspomnienie-sw-marcina-z-tours\/\">Czytaj dalej<\/a><\/span><\/p>\n","protected":false},"author":1,"featured_media":0,"comment_status":"open","ping_status":"open","sticky":false,"template":"","format":"standard","meta":{"ngg_post_thumbnail":0,"footnotes":"","_links_to":"","_links_to_target":""},"categories":[15],"tags":[],"class_list":{"0":"entry","1":"post","2":"publish","3":"author-admin","4":"has-more-link","5":"post-25708","7":"format-standard","8":"category-rok-2024"},"_links":{"self":[{"href":"https:\/\/parafiarososzyca.pl\/index.php\/wp-json\/wp\/v2\/posts\/25708","targetHints":{"allow":["GET"]}}],"collection":[{"href":"https:\/\/parafiarososzyca.pl\/index.php\/wp-json\/wp\/v2\/posts"}],"about":[{"href":"https:\/\/parafiarososzyca.pl\/index.php\/wp-json\/wp\/v2\/types\/post"}],"author":[{"embeddable":true,"href":"https:\/\/parafiarososzyca.pl\/index.php\/wp-json\/wp\/v2\/users\/1"}],"replies":[{"embeddable":true,"href":"https:\/\/parafiarososzyca.pl\/index.php\/wp-json\/wp\/v2\/comments?post=25708"}],"version-history":[{"count":0,"href":"https:\/\/parafiarososzyca.pl\/index.php\/wp-json\/wp\/v2\/posts\/25708\/revisions"}],"wp:attachment":[{"href":"https:\/\/parafiarososzyca.pl\/index.php\/wp-json\/wp\/v2\/media?parent=25708"}],"wp:term":[{"taxonomy":"category","embeddable":true,"href":"https:\/\/parafiarososzyca.pl\/index.php\/wp-json\/wp\/v2\/categories?post=25708"},{"taxonomy":"post_tag","embeddable":true,"href":"https:\/\/parafiarososzyca.pl\/index.php\/wp-json\/wp\/v2\/tags?post=25708"}],"curies":[{"name":"wp","href":"https:\/\/api.w.org\/{rel}","templated":true}]}}