{"id":25646,"date":"2024-08-22T17:23:38","date_gmt":"2024-08-22T17:23:38","guid":{"rendered":"https:\/\/parafiarososzyca.pl\/?p=25646"},"modified":"2024-09-24T17:30:34","modified_gmt":"2024-09-24T17:30:34","slug":"pielgrzymka-na-dolny-slask","status":"publish","type":"post","link":"https:\/\/parafiarososzyca.pl\/index.php\/2024\/08\/22\/pielgrzymka-na-dolny-slask\/","title":{"rendered":"Pielgrzymka na Dolny \u015al\u0105sk"},"content":{"rendered":"<p style=\"font-weight: 400; text-align: justify;\">W dniach 20 -22 sierpnia parafianie rososzyccy wraz z ks proboszczem Paw\u0142em Gu\u017adzio\u0142em wyruszyli z autokarow\u0105 pielgrzymk\u0105 na Dolny \u015al\u0105sk. Modlili\u015bmy si\u0119 w katedrze \u015bwidnickiej i \u015bwi\u0105tyni pokoju, sanktuarium maryjnym w czeskich Hejnicach, sanktuarium w Krzeszowie. Zwiedzili\u015bmy zamki Czocha, w Ksi\u0105\u017cu i Bolkowie. Wybrali\u015bmy si\u0119 na spacer urokliwymi uliczkami Jeleniej G\u00f3ry. Przybili\u015bmy przys\u0142owiow\u0105 pi\u0105tk\u0119 Kargulowi i Pawlakowi w Lubomie\u017cu i policzyli\u015bmy domki aposto\u0142\u00f3w w Che\u0142msku \u015al\u0105skim. Wspi\u0119li\u015bmy si\u0119 te\u017c do \u015bwi\u0105tyni Wang w Karpaczu. Wra\u017ce\u0144 z pielgrzymki by\u0142o mn\u00f3stwo, niezwyk\u0142ych prze\u017cy\u0107 i emocji oraz ogromnej rado\u015bci ze wsp\u00f3lnotowego pielgrzymowania.<!--more--><\/p>\nngg_shortcode_0_placeholder\n","protected":false},"excerpt":{"rendered":"<p>W dniach 20 -22 sierpnia parafianie rososzyccy wraz z ks proboszczem Paw\u0142em Gu\u017adzio\u0142em wyruszyli z autokarow\u0105 pielgrzymk\u0105 na Dolny \u015al\u0105sk. Modlili\u015bmy si\u0119 w katedrze \u015bwidnickiej i \u015bwi\u0105tyni pokoju, sanktuarium maryjnym w czeskich Hejnicach, sanktuarium w Krzeszowie. Zwiedzili\u015bmy zamki Czocha, w Ksi\u0105\u017cu i Bolkowie. Wybrali\u015bmy si\u0119 na spacer urokliwymi uliczkami Jeleniej G\u00f3ry. Przybili\u015bmy przys\u0142owiow\u0105 pi\u0105tk\u0119 Kargulowi &#8230; <span class=\"more\"><a class=\"more-link\" href=\"https:\/\/parafiarososzyca.pl\/index.php\/2024\/08\/22\/pielgrzymka-na-dolny-slask\/\">Czytaj dalej<\/a><\/span><\/p>\n","protected":false},"author":1,"featured_media":0,"comment_status":"closed","ping_status":"closed","sticky":false,"template":"","format":"standard","meta":{"ngg_post_thumbnail":0,"footnotes":"","_links_to":"","_links_to_target":""},"categories":[15],"tags":[],"class_list":{"0":"entry","1":"post","2":"publish","3":"author-admin","4":"has-more-link","5":"post-25646","7":"format-standard","8":"category-rok-2024"},"_links":{"self":[{"href":"https:\/\/parafiarososzyca.pl\/index.php\/wp-json\/wp\/v2\/posts\/25646","targetHints":{"allow":["GET"]}}],"collection":[{"href":"https:\/\/parafiarososzyca.pl\/index.php\/wp-json\/wp\/v2\/posts"}],"about":[{"href":"https:\/\/parafiarososzyca.pl\/index.php\/wp-json\/wp\/v2\/types\/post"}],"author":[{"embeddable":true,"href":"https:\/\/parafiarososzyca.pl\/index.php\/wp-json\/wp\/v2\/users\/1"}],"replies":[{"embeddable":true,"href":"https:\/\/parafiarososzyca.pl\/index.php\/wp-json\/wp\/v2\/comments?post=25646"}],"version-history":[{"count":0,"href":"https:\/\/parafiarososzyca.pl\/index.php\/wp-json\/wp\/v2\/posts\/25646\/revisions"}],"wp:attachment":[{"href":"https:\/\/parafiarososzyca.pl\/index.php\/wp-json\/wp\/v2\/media?parent=25646"}],"wp:term":[{"taxonomy":"category","embeddable":true,"href":"https:\/\/parafiarososzyca.pl\/index.php\/wp-json\/wp\/v2\/categories?post=25646"},{"taxonomy":"post_tag","embeddable":true,"href":"https:\/\/parafiarososzyca.pl\/index.php\/wp-json\/wp\/v2\/tags?post=25646"}],"curies":[{"name":"wp","href":"https:\/\/api.w.org\/{rel}","templated":true}]}}