{"id":25581,"date":"2024-09-20T17:13:03","date_gmt":"2024-09-20T17:13:03","guid":{"rendered":"https:\/\/parafiarososzyca.pl\/?p=25581"},"modified":"2024-09-24T17:17:40","modified_gmt":"2024-09-24T17:17:40","slug":"40-rocznica-smierci-ks-jaroslawa-kaszynskiego","status":"publish","type":"post","link":"https:\/\/parafiarososzyca.pl\/index.php\/2024\/09\/20\/40-rocznica-smierci-ks-jaroslawa-kaszynskiego\/","title":{"rendered":"40 rocznica \u015bmierci ks. Jaros\u0142awa Kaszy\u0144skiego"},"content":{"rendered":"<p style=\"font-weight: 400; text-align: justify;\">Ksi\u0105dz Jaros\u0142aw Kaszy\u0144ski urodzi\u0142 si\u0119 20 wrze\u015bnia 1929 roku we Wronkach w rodzinie rzemie\u015blniczej Franciszki i Stefana. Tam te\u017c ucz\u0119szcza\u0142 do szko\u0142y podstawowej. Czas nauki przerwany zosta\u0142 przez wybuch II wojny \u015bwiatowej, dodatkowo w 1942 roku zosta\u0142 skierowany na przymusowe roboty w zak\u0142adach meblarskich. Szko\u0142\u0119 uko\u0144czy\u0142 dopiero w 1947 roku i kontynuowa\u0142 nauk\u0119 najpierw w Nowej Soli, a nast\u0119pnie w Ostrowie Wielkopolskim, gdzie w 1951 roku zda\u0142 egzamin dojrza\u0142o\u015bci. Przez dwa lata studiowa\u0142 filozofi\u0119, po czym zrezygnowa\u0142by kontynuowa\u0107 studia na Wydziale Teologicznym w Poznaniu. \u015awi\u0119cenia kap\u0142a\u0144skie przyj\u0105\u0142 w maju 1957 roku z r\u0105k ks. bpa Jedwabskiego. Prymicje odprawi\u0142 w swojej macierzystej parafii \u015bw. Katarzyny we Wronkach, 2 czerwca 1957 roku. Nast\u0119pnie rozpocz\u0105\u0142 prac\u0119 kap\u0142ana. Najpierw przy szpitalu \u015bw. J\u00f3zefa w Poznaniu, potem w Borku, Przemy\u015blu, Gostyniu i Ko\u015bcianie jako wikariusz. 1 lipca 1967 roku rozpocz\u0105\u0142 pos\u0142ug\u0119 kap\u0142a\u0144sk\u0105 jako proboszcz parafii \u015bw. Marka Ewangelisty w Rososzycy, gdzie od pocz\u0105tku da\u0142 si\u0119 pozna\u0107 parafianom jako dobry duszpasterz i doskona\u0142y gospodarz. 6 listopada 1983 roku decyzj\u0105 arcybiskupa Jerzego Stroby zosta\u0142 dziekanem dekanatu o\u0142obockiego. Funkcj\u0119 t\u0119 pe\u0142ni\u0142 a\u017c do swojej \u015bmierci. W Rososzycy i w Latowicach podczas swej proboszczowskiej s\u0142u\u017cby przeprowadzi\u0142 kompleksowe remonty \u015bwi\u0105ty\u0144. Odszed\u0142 po d\u0142ugotrwa\u0142ej chorobie 25 wrze\u015bnia 1984 roku. Jego \u017cyczeniem by\u0142o spocz\u0105\u0107 w rodzinnym grobie we Wronkach, st\u0105d uroczysto\u015bci pogrzebowe najpierw odby\u0142y si\u0119 w Rososzycy, a nast\u0119pnie we Wronkach.<!--more--><\/p>\nngg_shortcode_0_placeholder\n<p style=\"text-align: justify;\"><span style=\"font-weight: 400;\">W pami\u0119ci parafian pozosta\u0142 jako cz\u0142owiek ogromnie zaanga\u017cowany, pracowity, emanuj\u0105cy spokojem. St\u0105d w 40 rocznic\u0119 \u015bmierci ks. Jaros\u0142awa parafianie rososzyccy wraz z ks. proboszczem Paw\u0142em Gu\u017adzio\u0142em udali si\u0119 w autokarow\u0105 pielgrzymk\u0119 do Wronek, by wsp\u00f3lnie modli\u0107 si\u0119 przy jego grobie. Z\u0142o\u017cyli te\u017c wi\u0105zank\u0119 kwiat\u00f3w i zapalili od parafian znicze. By\u0142 to dobry czas by przypomnie\u0107 sobie histori\u0119 tego cichego i bardzo oddanego parafii kap\u0142ana. Podczas wyjazdu parafianie zatrzymali si\u0119 r\u00f3wnie\u017c w Szamotu\u0142ach, by przed cudownym wizerunkiem Matki Bo\u017cej Pocieszycielki Strapionych zanie\u015b\u0107 swoje intencje. <\/span><\/p>\n","protected":false},"excerpt":{"rendered":"<p>Ksi\u0105dz Jaros\u0142aw Kaszy\u0144ski urodzi\u0142 si\u0119 20 wrze\u015bnia 1929 roku we Wronkach w rodzinie rzemie\u015blniczej Franciszki i Stefana. Tam te\u017c ucz\u0119szcza\u0142 do szko\u0142y podstawowej. Czas nauki przerwany zosta\u0142 przez wybuch II wojny \u015bwiatowej, dodatkowo w 1942 roku zosta\u0142 skierowany na przymusowe roboty w zak\u0142adach meblarskich. Szko\u0142\u0119 uko\u0144czy\u0142 dopiero w 1947 roku i kontynuowa\u0142 nauk\u0119 najpierw w &#8230; <span class=\"more\"><a class=\"more-link\" href=\"https:\/\/parafiarososzyca.pl\/index.php\/2024\/09\/20\/40-rocznica-smierci-ks-jaroslawa-kaszynskiego\/\">Czytaj dalej<\/a><\/span><\/p>\n","protected":false},"author":1,"featured_media":0,"comment_status":"closed","ping_status":"closed","sticky":false,"template":"","format":"standard","meta":{"ngg_post_thumbnail":0,"footnotes":"","_links_to":"","_links_to_target":""},"categories":[15],"tags":[],"class_list":{"0":"entry","1":"post","2":"publish","3":"author-admin","4":"has-more-link","5":"post-25581","7":"format-standard","8":"category-rok-2024"},"_links":{"self":[{"href":"https:\/\/parafiarososzyca.pl\/index.php\/wp-json\/wp\/v2\/posts\/25581","targetHints":{"allow":["GET"]}}],"collection":[{"href":"https:\/\/parafiarososzyca.pl\/index.php\/wp-json\/wp\/v2\/posts"}],"about":[{"href":"https:\/\/parafiarososzyca.pl\/index.php\/wp-json\/wp\/v2\/types\/post"}],"author":[{"embeddable":true,"href":"https:\/\/parafiarososzyca.pl\/index.php\/wp-json\/wp\/v2\/users\/1"}],"replies":[{"embeddable":true,"href":"https:\/\/parafiarososzyca.pl\/index.php\/wp-json\/wp\/v2\/comments?post=25581"}],"version-history":[{"count":0,"href":"https:\/\/parafiarososzyca.pl\/index.php\/wp-json\/wp\/v2\/posts\/25581\/revisions"}],"wp:attachment":[{"href":"https:\/\/parafiarososzyca.pl\/index.php\/wp-json\/wp\/v2\/media?parent=25581"}],"wp:term":[{"taxonomy":"category","embeddable":true,"href":"https:\/\/parafiarososzyca.pl\/index.php\/wp-json\/wp\/v2\/categories?post=25581"},{"taxonomy":"post_tag","embeddable":true,"href":"https:\/\/parafiarososzyca.pl\/index.php\/wp-json\/wp\/v2\/tags?post=25581"}],"curies":[{"name":"wp","href":"https:\/\/api.w.org\/{rel}","templated":true}]}}