{"id":25287,"date":"2024-05-15T14:03:50","date_gmt":"2024-05-15T14:03:50","guid":{"rendered":"https:\/\/parafiarososzyca.pl\/?p=25287"},"modified":"2024-05-18T08:55:48","modified_gmt":"2024-05-18T08:55:48","slug":"fotorelacja-z-bialego-tygodnia","status":"publish","type":"post","link":"https:\/\/parafiarososzyca.pl\/index.php\/2024\/05\/15\/fotorelacja-z-bialego-tygodnia\/","title":{"rendered":"Bia\u0142y Tydzie\u0144"},"content":{"rendered":"<p style=\"text-align: justify;\">Pierwsza Komunia \u015awi\u0119ta to wyj\u0105tkowy moment w \u017cyciu ka\u017cdego m\u0142odego katolika. Jest to czas g\u0142\u0119bokiej rado\u015bci i duchowego wzrastania. Jednak sakrament ten nie ko\u0144czy si\u0119 na jednej uroczysto\u015bci. W polskiej tradycji katolickiej, po Pierwszej Komunii nast\u0119puje tzw. Bia\u0142y Tydzie\u0144 \u2013 siedem dni intensywnej modlitwy, uczestnictwa we Mszy \u015awi\u0119tej i refleksji nad znaczeniem Eucharystii.<!--more--><\/p>\n<p style=\"text-align: justify;\">Co to jest Bia\u0142y Tydzie\u0144?<\/p>\n<p style=\"text-align: justify;\">Bia\u0142y Tydzie\u0144 to okres nast\u0119puj\u0105cy bezpo\u015brednio po Pierwszej Komunii \u015awi\u0119tej, podczas kt\u00f3rego dzieci, ubrane w swoje komunijne stroje, codziennie bior\u0105 udzia\u0142 we Mszy \u015awi\u0119tej i r\u00f3\u017cnych aktywno\u015bciach religijnych. Nazwa &#8222;bia\u0142y&#8221; pochodzi od tradycyjnych bia\u0142ych ubra\u0144, kt\u00f3re nosz\u0105 dzieci przez ca\u0142y ten czas.<\/p>\n<p style=\"text-align: justify;\">Cel i znaczenie Bia\u0142ego Tygodnia<\/p>\n<p style=\"text-align: justify;\">Celem Bia\u0142ego Tygodnia jest pog\u0142\u0119bienie duchowego do\u015bwiadczenia Pierwszej Komunii oraz umocnienie wi\u0119zi dziecka z Jezusem Chrystusem poprzez codzienne uczestnictwo w Eucharystii. Jest to r\u00f3wnie\u017c czas, w kt\u00f3rym dzieci maj\u0105 okazj\u0119 do dodatkowej katechezy, modlitwy i zrozumienia g\u0142\u0119bokiego znaczenia sakramentu Eucharystii w ich \u017cyciu.<\/p>\nngg_shortcode_0_placeholder\n","protected":false},"excerpt":{"rendered":"<p>Pierwsza Komunia \u015awi\u0119ta to wyj\u0105tkowy moment w \u017cyciu ka\u017cdego m\u0142odego katolika. Jest to czas g\u0142\u0119bokiej rado\u015bci i duchowego wzrastania. Jednak sakrament ten nie ko\u0144czy si\u0119 na jednej uroczysto\u015bci. W polskiej tradycji katolickiej, po Pierwszej Komunii nast\u0119puje tzw. Bia\u0142y Tydzie\u0144 \u2013 siedem dni intensywnej modlitwy, uczestnictwa we Mszy \u015awi\u0119tej i refleksji nad znaczeniem Eucharystii.<\/p>\n","protected":false},"author":1,"featured_media":0,"comment_status":"closed","ping_status":"closed","sticky":false,"template":"","format":"standard","meta":{"ngg_post_thumbnail":0,"footnotes":"","_links_to":"","_links_to_target":""},"categories":[15],"tags":[],"class_list":{"0":"entry","1":"post","2":"publish","3":"author-admin","4":"has-more-link","5":"post-25287","7":"format-standard","8":"category-rok-2024"},"_links":{"self":[{"href":"https:\/\/parafiarososzyca.pl\/index.php\/wp-json\/wp\/v2\/posts\/25287","targetHints":{"allow":["GET"]}}],"collection":[{"href":"https:\/\/parafiarososzyca.pl\/index.php\/wp-json\/wp\/v2\/posts"}],"about":[{"href":"https:\/\/parafiarososzyca.pl\/index.php\/wp-json\/wp\/v2\/types\/post"}],"author":[{"embeddable":true,"href":"https:\/\/parafiarososzyca.pl\/index.php\/wp-json\/wp\/v2\/users\/1"}],"replies":[{"embeddable":true,"href":"https:\/\/parafiarososzyca.pl\/index.php\/wp-json\/wp\/v2\/comments?post=25287"}],"version-history":[{"count":0,"href":"https:\/\/parafiarososzyca.pl\/index.php\/wp-json\/wp\/v2\/posts\/25287\/revisions"}],"wp:attachment":[{"href":"https:\/\/parafiarososzyca.pl\/index.php\/wp-json\/wp\/v2\/media?parent=25287"}],"wp:term":[{"taxonomy":"category","embeddable":true,"href":"https:\/\/parafiarososzyca.pl\/index.php\/wp-json\/wp\/v2\/categories?post=25287"},{"taxonomy":"post_tag","embeddable":true,"href":"https:\/\/parafiarososzyca.pl\/index.php\/wp-json\/wp\/v2\/tags?post=25287"}],"curies":[{"name":"wp","href":"https:\/\/api.w.org\/{rel}","templated":true}]}}