{"id":24777,"date":"2023-09-24T16:02:32","date_gmt":"2023-09-24T16:02:32","guid":{"rendered":"https:\/\/parafiarososzyca.pl\/?p=24777"},"modified":"2023-10-15T16:07:08","modified_gmt":"2023-10-15T16:07:08","slug":"caloroczny-konkurs-biblijny","status":"publish","type":"post","link":"https:\/\/parafiarososzyca.pl\/index.php\/2023\/09\/24\/caloroczny-konkurs-biblijny\/","title":{"rendered":"Ca\u0142oroczny Konkurs biblijny"},"content":{"rendered":"<p style=\"font-weight: 400;\">W niedziel\u0119 24 wrze\u015bnia, w ko\u015bciele \u015bw. Marka Ewangelisty w Rososzycy, ks. proboszcz Pawe\u0142 Gu\u017adzio\u0142 wr\u0119czy\u0142 nagrody w ca\u0142orocznym konkursie biblijnym. W ci\u0105gu ca\u0142ego roku katechetycznego ch\u0119tne dzieci zbiera\u0142y obrazki z pytaniami biblijnymi i opracowywali dla nich dziennik. Mogli opisywa\u0107 , lub malowa\u0107 wydarzenie kt\u00f3re by\u0142o na obrazku. W konkursie wzi\u0119lo udzia\u0142 22 uczestnik\u00f3w. Wszystkie prace zosta\u0142y nagrodzone, wy\u0142oniono te\u017c 6 wyr\u00f3\u017cnie\u0144, a 3 najpi\u0119kniejsze pracy uzyska\u0142y status laureata. Wszystkim uczestnikom gratulujemy.<!--more--><\/p>\nngg_shortcode_0_placeholder\n","protected":false},"excerpt":{"rendered":"<p>W niedziel\u0119 24 wrze\u015bnia, w ko\u015bciele \u015bw. Marka Ewangelisty w Rososzycy, ks. proboszcz Pawe\u0142 Gu\u017adzio\u0142 wr\u0119czy\u0142 nagrody w ca\u0142orocznym konkursie biblijnym. W ci\u0105gu ca\u0142ego roku katechetycznego ch\u0119tne dzieci zbiera\u0142y obrazki z pytaniami biblijnymi i opracowywali dla nich dziennik. Mogli opisywa\u0107 , lub malowa\u0107 wydarzenie kt\u00f3re by\u0142o na obrazku. W konkursie wzi\u0119lo udzia\u0142 22 uczestnik\u00f3w. Wszystkie &#8230; <span class=\"more\"><a class=\"more-link\" href=\"https:\/\/parafiarososzyca.pl\/index.php\/2023\/09\/24\/caloroczny-konkurs-biblijny\/\">Czytaj dalej<\/a><\/span><\/p>\n","protected":false},"author":1,"featured_media":0,"comment_status":"closed","ping_status":"closed","sticky":false,"template":"","format":"standard","meta":{"ngg_post_thumbnail":0,"footnotes":"","_links_to":"","_links_to_target":""},"categories":[14],"tags":[],"class_list":{"0":"entry","1":"post","2":"publish","3":"author-admin","4":"has-more-link","5":"post-24777","7":"format-standard","8":"category-rok-2023"},"_links":{"self":[{"href":"https:\/\/parafiarososzyca.pl\/index.php\/wp-json\/wp\/v2\/posts\/24777","targetHints":{"allow":["GET"]}}],"collection":[{"href":"https:\/\/parafiarososzyca.pl\/index.php\/wp-json\/wp\/v2\/posts"}],"about":[{"href":"https:\/\/parafiarososzyca.pl\/index.php\/wp-json\/wp\/v2\/types\/post"}],"author":[{"embeddable":true,"href":"https:\/\/parafiarososzyca.pl\/index.php\/wp-json\/wp\/v2\/users\/1"}],"replies":[{"embeddable":true,"href":"https:\/\/parafiarososzyca.pl\/index.php\/wp-json\/wp\/v2\/comments?post=24777"}],"version-history":[{"count":0,"href":"https:\/\/parafiarososzyca.pl\/index.php\/wp-json\/wp\/v2\/posts\/24777\/revisions"}],"wp:attachment":[{"href":"https:\/\/parafiarososzyca.pl\/index.php\/wp-json\/wp\/v2\/media?parent=24777"}],"wp:term":[{"taxonomy":"category","embeddable":true,"href":"https:\/\/parafiarososzyca.pl\/index.php\/wp-json\/wp\/v2\/categories?post=24777"},{"taxonomy":"post_tag","embeddable":true,"href":"https:\/\/parafiarososzyca.pl\/index.php\/wp-json\/wp\/v2\/tags?post=24777"}],"curies":[{"name":"wp","href":"https:\/\/api.w.org\/{rel}","templated":true}]}}