{"id":24686,"date":"2023-08-15T08:00:52","date_gmt":"2023-08-15T08:00:52","guid":{"rendered":"https:\/\/parafiarososzyca.pl\/?p=24686"},"modified":"2023-08-22T08:04:10","modified_gmt":"2023-08-22T08:04:10","slug":"rowerowa-pielgrzymka-do-matki-bozej-skalmierzyckiej","status":"publish","type":"post","link":"https:\/\/parafiarososzyca.pl\/index.php\/2023\/08\/15\/rowerowa-pielgrzymka-do-matki-bozej-skalmierzyckiej\/","title":{"rendered":"Rowerowa pielgrzymka do Matki Bo\u017cej Skalmierzyckiej"},"content":{"rendered":"<p style=\"text-align: justify;\">Od 2011 roku pielgrzymi z parafii \u015bw. Marka Ewangelisty w Rososzycy ruszaj\u0105 rowerami do Skalmierzyc by odda\u0107 pok\u0142on Matce Bo\u017cej Wniebowzi\u0119tej w Jej cudownym wizerunku przedstawiaj\u0105cym Maryj\u0119 trzymaj\u0105c\u0105 na lewym ramieniu dzieci\u0105tko, a w prawej d\u0142oni ber\u0142o \u2013 symbol w\u0142adzy kr\u00f3lewskiej.<br \/>\n<!--more--><\/p>\n<p><a href=\"https:\/\/parafiarososzyca.pl\/wp-content\/uploads\/2023\/08\/received_302925772220229.jpeg\"><img loading=\"lazy\" decoding=\"async\" class=\"aligncenter wp-image-24687\" src=\"https:\/\/parafiarososzyca.pl\/wp-content\/uploads\/2023\/08\/received_302925772220229-768x576.jpeg\" alt=\"\" width=\"500\" height=\"375\" srcset=\"https:\/\/parafiarososzyca.pl\/wp-content\/uploads\/2023\/08\/received_302925772220229-768x576.jpeg 768w, https:\/\/parafiarososzyca.pl\/wp-content\/uploads\/2023\/08\/received_302925772220229-300x225.jpeg 300w, https:\/\/parafiarososzyca.pl\/wp-content\/uploads\/2023\/08\/received_302925772220229-1024x768.jpeg 1024w, https:\/\/parafiarososzyca.pl\/wp-content\/uploads\/2023\/08\/received_302925772220229-1536x1152.jpeg 1536w, https:\/\/parafiarososzyca.pl\/wp-content\/uploads\/2023\/08\/received_302925772220229.jpeg 2048w\" sizes=\"auto, (max-width: 500px) 100vw, 500px\" \/><\/a><\/p>\n<p>Kult Maryi w Skalmierzycach datowany jest od XV wieku. Dowodem cud\u00f3w i \u0142ask otrzymanych za po\u015brednictwem Matki Bo\u017cej s\u0105 liczne wota. W\u015br\u00f3d nich najcenniejszym jest srebrny ryngraf z roku 1634, podarowany przez kr\u00f3la W\u0142adys\u0142awa IV Waz\u0119 w podzi\u0119kowaniu za zwyci\u0119stwo nad Turkami. 4 wrze\u015bnia 1966 roku prymas Polski kardyna\u0142 Stefan Wyszy\u0144ski dokona\u0142 koronacji obrazu koronami po\u015bwi\u0119conymi przez papie\u017ca Paw\u0142a VI.<\/p>\n<p style=\"text-align: justify;\"><a href=\"https:\/\/parafiarososzyca.pl\/wp-content\/uploads\/2023\/08\/received_496726099343210.jpeg\"><img loading=\"lazy\" decoding=\"async\" class=\"aligncenter wp-image-24688\" src=\"https:\/\/parafiarososzyca.pl\/wp-content\/uploads\/2023\/08\/received_496726099343210-768x576.jpeg\" alt=\"\" width=\"500\" height=\"375\" srcset=\"https:\/\/parafiarososzyca.pl\/wp-content\/uploads\/2023\/08\/received_496726099343210-768x576.jpeg 768w, https:\/\/parafiarososzyca.pl\/wp-content\/uploads\/2023\/08\/received_496726099343210-300x225.jpeg 300w, https:\/\/parafiarososzyca.pl\/wp-content\/uploads\/2023\/08\/received_496726099343210-1024x768.jpeg 1024w, https:\/\/parafiarososzyca.pl\/wp-content\/uploads\/2023\/08\/received_496726099343210-1536x1152.jpeg 1536w, https:\/\/parafiarososzyca.pl\/wp-content\/uploads\/2023\/08\/received_496726099343210.jpeg 2048w\" sizes=\"auto, (max-width: 500px) 100vw, 500px\" \/><\/a><br \/>\nW tym roku podobnie jak w ubieg\u0142ych latach zawie\u017ali Maryi swoje pro\u015bby, podzi\u0119kowania, przeproszenia. Pielgrzymowanie rozpocz\u0119li od modlitwy przy parafialnym ko\u015bciele w Rososzycy, nast\u0119pnie rowerami dotarli do Skalmierzyc, gdzie wzi\u0119li udzia\u0142 w uroczystej Mszy odpustowej.<\/p>\n","protected":false},"excerpt":{"rendered":"<p>Od 2011 roku pielgrzymi z parafii \u015bw. Marka Ewangelisty w Rososzycy ruszaj\u0105 rowerami do Skalmierzyc by odda\u0107 pok\u0142on Matce Bo\u017cej Wniebowzi\u0119tej w Jej cudownym wizerunku przedstawiaj\u0105cym Maryj\u0119 trzymaj\u0105c\u0105 na lewym ramieniu dzieci\u0105tko, a w prawej d\u0142oni ber\u0142o \u2013 symbol w\u0142adzy kr\u00f3lewskiej.<\/p>\n","protected":false},"author":1,"featured_media":0,"comment_status":"closed","ping_status":"closed","sticky":false,"template":"","format":"standard","meta":{"ngg_post_thumbnail":0,"footnotes":"","_links_to":"","_links_to_target":""},"categories":[14],"tags":[],"class_list":{"0":"entry","1":"post","2":"publish","3":"author-admin","4":"has-more-link","5":"post-24686","7":"format-standard","8":"category-rok-2023"},"_links":{"self":[{"href":"https:\/\/parafiarososzyca.pl\/index.php\/wp-json\/wp\/v2\/posts\/24686","targetHints":{"allow":["GET"]}}],"collection":[{"href":"https:\/\/parafiarososzyca.pl\/index.php\/wp-json\/wp\/v2\/posts"}],"about":[{"href":"https:\/\/parafiarososzyca.pl\/index.php\/wp-json\/wp\/v2\/types\/post"}],"author":[{"embeddable":true,"href":"https:\/\/parafiarososzyca.pl\/index.php\/wp-json\/wp\/v2\/users\/1"}],"replies":[{"embeddable":true,"href":"https:\/\/parafiarososzyca.pl\/index.php\/wp-json\/wp\/v2\/comments?post=24686"}],"version-history":[{"count":0,"href":"https:\/\/parafiarososzyca.pl\/index.php\/wp-json\/wp\/v2\/posts\/24686\/revisions"}],"wp:attachment":[{"href":"https:\/\/parafiarososzyca.pl\/index.php\/wp-json\/wp\/v2\/media?parent=24686"}],"wp:term":[{"taxonomy":"category","embeddable":true,"href":"https:\/\/parafiarososzyca.pl\/index.php\/wp-json\/wp\/v2\/categories?post=24686"},{"taxonomy":"post_tag","embeddable":true,"href":"https:\/\/parafiarososzyca.pl\/index.php\/wp-json\/wp\/v2\/tags?post=24686"}],"curies":[{"name":"wp","href":"https:\/\/api.w.org\/{rel}","templated":true}]}}