{"id":2463,"date":"2015-06-04T12:18:00","date_gmt":"2015-06-04T12:18:00","guid":{"rendered":"http:\/\/parafiarososzyca.pl\/?p=2463"},"modified":"2021-02-14T12:22:13","modified_gmt":"2021-02-14T12:22:13","slug":"boze-cialo-2","status":"publish","type":"post","link":"https:\/\/parafiarososzyca.pl\/index.php\/2015\/06\/04\/boze-cialo-2\/","title":{"rendered":"Bo\u017ce Cia\u0142o"},"content":{"rendered":"<p>\u015awi\u0119to Bo\u017cego Cia\u0142a to uroczysto\u015b\u0107 ku czci Naj\u015bwi\u0119tszego Sakramentu. Wierni w czwartek, zawsze 60 dni po Wielkanocy, w szczeg\u00f3lny spos\u00f3b wspominaj\u0105 Ostatni\u0105 Wieczerz\u0119 i Przeistoczenie chleba i wina w Cia\u0142o i Krew Jezusa Chrystusa.<!--more-->W Polsce pierwszy raz obchodzono to \u015bwi\u0119to w 1320 roku w diecezji krakowskiej. Wierni z naszej parafii jak co roku przygotowali 4 o\u0142tarze, trasa procesji zosta\u0142a pi\u0119knie przyozdobiona, a okna okolicznych dom\u00f3w udekorowano wizerunkami Matki Bo\u017cej i Jezusa Chrystusa. I jak co roku nad nasz\u0105 wsi\u0105 roznosi\u0142 si\u0119 \u015bpiew : Zr\u00f3bcie mu miejsce, Pan idzie z nieba, * Pod przymiotami ukryty chleba! Zagrody nasze widzie\u0107 wychodzi * I, jak si\u0119 dzieciom Jego powodzi. Otocz Go wko\u0142o, rzeszo wybrana, * Przed Bogiem Twoim zginaj kolana!<\/p>\nngg_shortcode_0_placeholder\n","protected":false},"excerpt":{"rendered":"<p>\u015awi\u0119to Bo\u017cego Cia\u0142a to uroczysto\u015b\u0107 ku czci Naj\u015bwi\u0119tszego Sakramentu. Wierni w czwartek, zawsze 60 dni po Wielkanocy, w szczeg\u00f3lny spos\u00f3b wspominaj\u0105 Ostatni\u0105 Wieczerz\u0119 i Przeistoczenie chleba i wina w Cia\u0142o i Krew Jezusa Chrystusa.<\/p>\n","protected":false},"author":1,"featured_media":0,"comment_status":"closed","ping_status":"closed","sticky":false,"template":"","format":"standard","meta":{"ngg_post_thumbnail":0,"footnotes":"","_links_to":"","_links_to_target":""},"categories":[6],"tags":[],"class_list":{"0":"entry","1":"post","2":"publish","3":"author-admin","4":"has-more-link","5":"post-2463","7":"format-standard","8":"category-rok-2015"},"_links":{"self":[{"href":"https:\/\/parafiarososzyca.pl\/index.php\/wp-json\/wp\/v2\/posts\/2463","targetHints":{"allow":["GET"]}}],"collection":[{"href":"https:\/\/parafiarososzyca.pl\/index.php\/wp-json\/wp\/v2\/posts"}],"about":[{"href":"https:\/\/parafiarososzyca.pl\/index.php\/wp-json\/wp\/v2\/types\/post"}],"author":[{"embeddable":true,"href":"https:\/\/parafiarososzyca.pl\/index.php\/wp-json\/wp\/v2\/users\/1"}],"replies":[{"embeddable":true,"href":"https:\/\/parafiarososzyca.pl\/index.php\/wp-json\/wp\/v2\/comments?post=2463"}],"version-history":[{"count":0,"href":"https:\/\/parafiarososzyca.pl\/index.php\/wp-json\/wp\/v2\/posts\/2463\/revisions"}],"wp:attachment":[{"href":"https:\/\/parafiarososzyca.pl\/index.php\/wp-json\/wp\/v2\/media?parent=2463"}],"wp:term":[{"taxonomy":"category","embeddable":true,"href":"https:\/\/parafiarososzyca.pl\/index.php\/wp-json\/wp\/v2\/categories?post=2463"},{"taxonomy":"post_tag","embeddable":true,"href":"https:\/\/parafiarososzyca.pl\/index.php\/wp-json\/wp\/v2\/tags?post=2463"}],"curies":[{"name":"wp","href":"https:\/\/api.w.org\/{rel}","templated":true}]}}