{"id":23789,"date":"2023-05-28T21:07:47","date_gmt":"2023-05-28T21:07:47","guid":{"rendered":"https:\/\/parafiarososzyca.pl\/?p=23789"},"modified":"2023-05-28T21:23:54","modified_gmt":"2023-05-28T21:23:54","slug":"rocznica-i-komunii-swietej-5","status":"publish","type":"post","link":"https:\/\/parafiarososzyca.pl\/index.php\/2023\/05\/28\/rocznica-i-komunii-swietej-5\/","title":{"rendered":"Rocznica I Komunii \u015bwi\u0119tej"},"content":{"rendered":"<p style=\"text-align: justify;\">W naszej parafii&nbsp; 26 maja odby\u0142a si\u0119 uroczysto\u015b\u0107 rocznicy I Komunii \u015bw. po\u0142\u0105czona z 30-leciem kap\u0142a\u0144stwa ks. proboszcza. Jest to czas kiedy dzieci dzi\u0119kuj\u0105 Bogu za rok przyja\u017ani z Chrystusem w chlebie \u017cycia i modl\u0105 si\u0119 za swoich bliskich prosz\u0105c dla nich o b\u0142ogos\u0142awie\u0144stwo.<\/p>\n<iframe loading=\"lazy\"  id=\"_ytid_19201\"  width=\"700\" height=\"394\"  data-origwidth=\"700\" data-origheight=\"394\" src=\"https:\/\/www.youtube.com\/embed\/7gmhdcV9MDc?enablejsapi=1&autoplay=0&cc_load_policy=0&cc_lang_pref=pl&iv_load_policy=3&loop=0&rel=1&fs=1&playsinline=0&autohide=2&theme=dark&color=red&controls=1&disablekb=0&\" class=\"__youtube_prefs__  no-lazyload\" title=\"YouTube player\"  allow=\"fullscreen; accelerometer; autoplay; clipboard-write; encrypted-media; gyroscope; picture-in-picture; web-share\" referrerpolicy=\"strict-origin-when-cross-origin\" allowfullscreen data-no-lazy=\"1\" data-skipgform_ajax_framebjll=\"\"><\/iframe>\n<p style=\"text-align: justify;\">W procesji z darami dzieci, kt\u00f3re uzbiera\u0142y 9 pierwszych pi\u0105tk\u00f3w miesi\u0105ca sk\u0142ada\u0142y je jako sw\u00f3j dar. Popatrzmy na zdj\u0119cia.<!--more--><\/p>\n<p>Pobierz zdj\u0119cia w dobrej jako\u015bci z Dysku Google &#8211; <a href=\"https:\/\/drive.google.com\/drive\/folders\/1ZtKsthTNgKDqvZ1cqj_Qvr7XPiHKQ1C7?usp=sharing\">pobierz<\/a><\/p>\nngg_shortcode_0_placeholder\n","protected":false},"excerpt":{"rendered":"<p>W naszej parafii&nbsp; 26 maja odby\u0142a si\u0119 uroczysto\u015b\u0107 rocznicy I Komunii \u015bw. po\u0142\u0105czona z 30-leciem kap\u0142a\u0144stwa ks. proboszcza. Jest to czas kiedy dzieci dzi\u0119kuj\u0105 Bogu za rok przyja\u017ani z Chrystusem w chlebie \u017cycia i modl\u0105 si\u0119 za swoich bliskich prosz\u0105c dla nich o b\u0142ogos\u0142awie\u0144stwo. W procesji z darami dzieci, kt\u00f3re uzbiera\u0142y 9 pierwszych pi\u0105tk\u00f3w miesi\u0105ca &#8230; <span class=\"more\"><a class=\"more-link\" href=\"https:\/\/parafiarososzyca.pl\/index.php\/2023\/05\/28\/rocznica-i-komunii-swietej-5\/\">Czytaj dalej<\/a><\/span><\/p>\n","protected":false},"author":1,"featured_media":0,"comment_status":"closed","ping_status":"closed","sticky":false,"template":"","format":"standard","meta":{"ngg_post_thumbnail":0,"footnotes":"","_links_to":"","_links_to_target":""},"categories":[14],"tags":[],"class_list":{"0":"entry","1":"post","2":"publish","3":"author-admin","4":"has-more-link","5":"post-23789","7":"format-standard","8":"category-rok-2023"},"_links":{"self":[{"href":"https:\/\/parafiarososzyca.pl\/index.php\/wp-json\/wp\/v2\/posts\/23789","targetHints":{"allow":["GET"]}}],"collection":[{"href":"https:\/\/parafiarososzyca.pl\/index.php\/wp-json\/wp\/v2\/posts"}],"about":[{"href":"https:\/\/parafiarososzyca.pl\/index.php\/wp-json\/wp\/v2\/types\/post"}],"author":[{"embeddable":true,"href":"https:\/\/parafiarososzyca.pl\/index.php\/wp-json\/wp\/v2\/users\/1"}],"replies":[{"embeddable":true,"href":"https:\/\/parafiarososzyca.pl\/index.php\/wp-json\/wp\/v2\/comments?post=23789"}],"version-history":[{"count":0,"href":"https:\/\/parafiarososzyca.pl\/index.php\/wp-json\/wp\/v2\/posts\/23789\/revisions"}],"wp:attachment":[{"href":"https:\/\/parafiarososzyca.pl\/index.php\/wp-json\/wp\/v2\/media?parent=23789"}],"wp:term":[{"taxonomy":"category","embeddable":true,"href":"https:\/\/parafiarososzyca.pl\/index.php\/wp-json\/wp\/v2\/categories?post=23789"},{"taxonomy":"post_tag","embeddable":true,"href":"https:\/\/parafiarososzyca.pl\/index.php\/wp-json\/wp\/v2\/tags?post=23789"}],"curies":[{"name":"wp","href":"https:\/\/api.w.org\/{rel}","templated":true}]}}