{"id":23716,"date":"2023-05-14T14:41:40","date_gmt":"2023-05-14T14:41:40","guid":{"rendered":"https:\/\/parafiarososzyca.pl\/?p=23716"},"modified":"2023-07-01T12:37:14","modified_gmt":"2023-07-01T12:37:14","slug":"i-komunia-sw-i-bialy-tydzien-2","status":"publish","type":"post","link":"https:\/\/parafiarososzyca.pl\/index.php\/2023\/05\/14\/i-komunia-sw-i-bialy-tydzien-2\/","title":{"rendered":"I Komunia \u015bw i Bia\u0142y Tydzie\u0144"},"content":{"rendered":"<p style=\"font-weight: 400;\">14 maja 2023 roku w pi\u0119kn\u0105 s\u0142oneczn\u0105 niedziel\u0119 dzieci naszej parafii po raz pierwszy przyj\u0119\u0142y Pana Jezusa do swojego serca. S\u0105 to:<\/p>\n<ol>\n<li>Malwina Bartczak<\/li>\n<li>Filip Bartnik<\/li>\n<li>Wiktoria Becker<\/li>\n<li>Marcel B\u0142aszczyk<\/li>\n<li>Kamil Boi\u0144ski<\/li>\n<li>Szymon Chali\u0144ski<\/li>\n<li>Eryk Grabowski<\/li>\n<li>Wiktoria Grzelak<\/li>\n<li>Jakub Jasi\u0144ski<\/li>\n<li>Oliwia Kasprzak<\/li>\n<li>Zuzanna Kawaler<\/li>\n<li>Daria Kotas<\/li>\n<li>Piotr Kowalski<\/li>\n<li>Przemys\u0142aw Kowalski<\/li>\n<li>Tobiasz Kowalski<\/li>\n<li>Aleksandra Kubica<\/li>\n<li>Edyta Kurzawa<\/li>\n<li>Lena Lis<\/li>\n<li>Anastazja \u0141uczak<\/li>\n<li>Gabriela Mendera<\/li>\n<li>Igor Michalski<\/li>\n<li>Adam Mi\u015bko<\/li>\n<li>Wiktoria Olejnik<\/li>\n<li>Kacper Otwiaska<\/li>\n<li>Bartosz P\u0142\u00f3karz<\/li>\n<li>Zuzanna Przybylska<\/li>\n<li>Paulina Radkowska<\/li>\n<li>Marcela Reksa<\/li>\n<li>Franciszek Rosik<\/li>\n<li>Ola R\u00f3\u017calska<\/li>\n<li>Wojciech R\u00f3\u017ca\u0144ski<\/li>\n<li>Micha\u0142 Solarczyk<\/li>\n<li>Oliwia Walczak<\/li>\n<li>Hanna Wawrzyniak<\/li>\n<li>Julia Wieszczak<\/li>\n<\/ol>\n<p><a href=\"https:\/\/parafiarososzyca.pl\/wp-content\/uploads\/2023\/05\/komunia2023.jpeg\"><img loading=\"lazy\" decoding=\"async\" class=\"aligncenter wp-image-24673\" src=\"https:\/\/parafiarososzyca.pl\/wp-content\/uploads\/2023\/05\/komunia2023-768x453.jpeg\" alt=\"\" width=\"500\" height=\"295\" srcset=\"https:\/\/parafiarososzyca.pl\/wp-content\/uploads\/2023\/05\/komunia2023-768x453.jpeg 768w, https:\/\/parafiarososzyca.pl\/wp-content\/uploads\/2023\/05\/komunia2023-300x177.jpeg 300w, https:\/\/parafiarososzyca.pl\/wp-content\/uploads\/2023\/05\/komunia2023-1024x604.jpeg 1024w, https:\/\/parafiarososzyca.pl\/wp-content\/uploads\/2023\/05\/komunia2023-1536x906.jpeg 1536w, https:\/\/parafiarososzyca.pl\/wp-content\/uploads\/2023\/05\/komunia2023.jpeg 2048w\" sizes=\"auto, (max-width: 500px) 100vw, 500px\" \/><\/a><\/p>\n<p style=\"text-align: center;\"><iframe loading=\"lazy\"  id=\"_ytid_91568\"  width=\"700\" height=\"394\"  data-origwidth=\"700\" data-origheight=\"394\" src=\"https:\/\/www.youtube.com\/embed\/AzzZfVmoTBQ?enablejsapi=1&autoplay=0&cc_load_policy=0&cc_lang_pref=pl&iv_load_policy=3&loop=0&rel=1&fs=1&playsinline=0&autohide=2&theme=dark&color=red&controls=1&disablekb=0&\" class=\"__youtube_prefs__  no-lazyload\" title=\"YouTube player\"  allow=\"fullscreen; accelerometer; autoplay; clipboard-write; encrypted-media; gyroscope; picture-in-picture; web-share\" referrerpolicy=\"strict-origin-when-cross-origin\" allowfullscreen data-no-lazy=\"1\" data-skipgform_ajax_framebjll=\"\"><\/iframe><\/p>\n<p style=\"font-weight: 400;\"><!--more-->W nast\u0119pnych dniach dzieci pierwszokomunijne wzi\u0119\u0142y udzia\u0142 w Bia\u0142ym Tygodniu, otrzyma\u0142y te\u017c pami\u0105tki I Komunii \u015bw. Popatrzmy na zdj\u0119cia&#8230;<\/p>\nngg_shortcode_0_placeholder\n","protected":false},"excerpt":{"rendered":"<p>14 maja 2023 roku w pi\u0119kn\u0105 s\u0142oneczn\u0105 niedziel\u0119 dzieci naszej parafii po raz pierwszy przyj\u0119\u0142y Pana Jezusa do swojego serca. S\u0105 to: Malwina Bartczak Filip Bartnik Wiktoria Becker Marcel B\u0142aszczyk Kamil Boi\u0144ski Szymon Chali\u0144ski Eryk Grabowski Wiktoria Grzelak Jakub Jasi\u0144ski Oliwia Kasprzak Zuzanna Kawaler Daria Kotas Piotr Kowalski Przemys\u0142aw Kowalski Tobiasz Kowalski Aleksandra Kubica Edyta &#8230; <span class=\"more\"><a class=\"more-link\" href=\"https:\/\/parafiarososzyca.pl\/index.php\/2023\/05\/14\/i-komunia-sw-i-bialy-tydzien-2\/\">Czytaj dalej<\/a><\/span><\/p>\n","protected":false},"author":1,"featured_media":0,"comment_status":"closed","ping_status":"closed","sticky":false,"template":"","format":"standard","meta":{"ngg_post_thumbnail":0,"footnotes":"","_links_to":"","_links_to_target":""},"categories":[14],"tags":[],"class_list":{"0":"entry","1":"post","2":"publish","3":"author-admin","4":"has-more-link","5":"post-23716","7":"format-standard","8":"category-rok-2023"},"_links":{"self":[{"href":"https:\/\/parafiarososzyca.pl\/index.php\/wp-json\/wp\/v2\/posts\/23716","targetHints":{"allow":["GET"]}}],"collection":[{"href":"https:\/\/parafiarososzyca.pl\/index.php\/wp-json\/wp\/v2\/posts"}],"about":[{"href":"https:\/\/parafiarososzyca.pl\/index.php\/wp-json\/wp\/v2\/types\/post"}],"author":[{"embeddable":true,"href":"https:\/\/parafiarososzyca.pl\/index.php\/wp-json\/wp\/v2\/users\/1"}],"replies":[{"embeddable":true,"href":"https:\/\/parafiarososzyca.pl\/index.php\/wp-json\/wp\/v2\/comments?post=23716"}],"version-history":[{"count":0,"href":"https:\/\/parafiarososzyca.pl\/index.php\/wp-json\/wp\/v2\/posts\/23716\/revisions"}],"wp:attachment":[{"href":"https:\/\/parafiarososzyca.pl\/index.php\/wp-json\/wp\/v2\/media?parent=23716"}],"wp:term":[{"taxonomy":"category","embeddable":true,"href":"https:\/\/parafiarososzyca.pl\/index.php\/wp-json\/wp\/v2\/categories?post=23716"},{"taxonomy":"post_tag","embeddable":true,"href":"https:\/\/parafiarososzyca.pl\/index.php\/wp-json\/wp\/v2\/tags?post=23716"}],"curies":[{"name":"wp","href":"https:\/\/api.w.org\/{rel}","templated":true}]}}