{"id":23697,"date":"2023-04-25T16:18:49","date_gmt":"2023-04-25T16:18:49","guid":{"rendered":"https:\/\/parafiarososzyca.pl\/?p=23697"},"modified":"2023-05-01T13:24:51","modified_gmt":"2023-05-01T13:24:51","slug":"odpust-sw-marka-ewangelisty-5","status":"publish","type":"post","link":"https:\/\/parafiarososzyca.pl\/index.php\/2023\/04\/25\/odpust-sw-marka-ewangelisty-5\/","title":{"rendered":"Odpust \u015bw. Marka Ewangelisty"},"content":{"rendered":"<p style=\"text-align: justify;\">\u015aw. Marek Ewangelista to patron \u015bwi\u0105tyni rososzyckiej i ca\u0142ej parafii od pocz\u0105tk\u00f3w jej istnienia. Historycznie rzecz bior\u0105c obecna \u015bwi\u0105tynia, to ju\u017c trzeci dom Bo\u017cy zbudowany w Rososzycy. Ale zawsze patronowa\u0142 naszej parafii \u015bw. Marek. Od kilku lat Rada Duszpasterska wraz ks. proboszczem Paw\u0142em Gu\u017adzio\u0142em zaprasza do wsp\u00f3lnego \u015bwi\u0119towania tego odpustu, dok\u0142adnie wtedy gdy przypada \u2013 25 kwietnia. <!--more-->Po uroczystej Eucharystii wszyscy spotykaj\u0105 si\u0119 na kawie i cie\u015bcie. Jest to dobry czas na spotkania i rozmowy, piel\u0119gnowanie przyja\u017ani wsp\u00f3lnotowej.&nbsp;<\/p>\nngg_shortcode_0_placeholder\n","protected":false},"excerpt":{"rendered":"<p>\u015aw. Marek Ewangelista to patron \u015bwi\u0105tyni rososzyckiej i ca\u0142ej parafii od pocz\u0105tk\u00f3w jej istnienia. Historycznie rzecz bior\u0105c obecna \u015bwi\u0105tynia, to ju\u017c trzeci dom Bo\u017cy zbudowany w Rososzycy. Ale zawsze patronowa\u0142 naszej parafii \u015bw. Marek. Od kilku lat Rada Duszpasterska wraz ks. proboszczem Paw\u0142em Gu\u017adzio\u0142em zaprasza do wsp\u00f3lnego \u015bwi\u0119towania tego odpustu, dok\u0142adnie wtedy gdy przypada \u2013 &#8230; <span class=\"more\"><a class=\"more-link\" href=\"https:\/\/parafiarososzyca.pl\/index.php\/2023\/04\/25\/odpust-sw-marka-ewangelisty-5\/\">Czytaj dalej<\/a><\/span><\/p>\n","protected":false},"author":1,"featured_media":0,"comment_status":"closed","ping_status":"closed","sticky":false,"template":"","format":"standard","meta":{"ngg_post_thumbnail":0,"footnotes":"","_links_to":"","_links_to_target":""},"categories":[14],"tags":[],"class_list":{"0":"entry","1":"post","2":"publish","3":"author-admin","4":"has-more-link","5":"post-23697","7":"format-standard","8":"category-rok-2023"},"_links":{"self":[{"href":"https:\/\/parafiarososzyca.pl\/index.php\/wp-json\/wp\/v2\/posts\/23697","targetHints":{"allow":["GET"]}}],"collection":[{"href":"https:\/\/parafiarososzyca.pl\/index.php\/wp-json\/wp\/v2\/posts"}],"about":[{"href":"https:\/\/parafiarososzyca.pl\/index.php\/wp-json\/wp\/v2\/types\/post"}],"author":[{"embeddable":true,"href":"https:\/\/parafiarososzyca.pl\/index.php\/wp-json\/wp\/v2\/users\/1"}],"replies":[{"embeddable":true,"href":"https:\/\/parafiarososzyca.pl\/index.php\/wp-json\/wp\/v2\/comments?post=23697"}],"version-history":[{"count":0,"href":"https:\/\/parafiarososzyca.pl\/index.php\/wp-json\/wp\/v2\/posts\/23697\/revisions"}],"wp:attachment":[{"href":"https:\/\/parafiarososzyca.pl\/index.php\/wp-json\/wp\/v2\/media?parent=23697"}],"wp:term":[{"taxonomy":"category","embeddable":true,"href":"https:\/\/parafiarososzyca.pl\/index.php\/wp-json\/wp\/v2\/categories?post=23697"},{"taxonomy":"post_tag","embeddable":true,"href":"https:\/\/parafiarososzyca.pl\/index.php\/wp-json\/wp\/v2\/tags?post=23697"}],"curies":[{"name":"wp","href":"https:\/\/api.w.org\/{rel}","templated":true}]}}