{"id":23284,"date":"2023-03-20T15:32:26","date_gmt":"2023-03-20T15:32:26","guid":{"rendered":"https:\/\/parafiarososzyca.pl\/?p=23284"},"modified":"2023-03-20T15:32:26","modified_gmt":"2023-03-20T15:32:26","slug":"droga-krzyzowa-ze-swietym-janem-pawlem-ii","status":"publish","type":"post","link":"https:\/\/parafiarososzyca.pl\/index.php\/2023\/03\/20\/droga-krzyzowa-ze-swietym-janem-pawlem-ii\/","title":{"rendered":"Droga Krzy\u017cowa ze \u015awi\u0119tym Janem Paw\u0142em II"},"content":{"rendered":"<p><a href=\"https:\/\/parafiarososzyca.pl\/wp-content\/uploads\/2023\/03\/334218475_745138727056284_4880296080800629787_n.jpg\"><img loading=\"lazy\" decoding=\"async\" class=\"aligncenter wp-image-23285\" src=\"https:\/\/parafiarososzyca.pl\/wp-content\/uploads\/2023\/03\/334218475_745138727056284_4880296080800629787_n-768x1086.jpg\" alt=\"\" width=\"500\" height=\"707\" srcset=\"https:\/\/parafiarososzyca.pl\/wp-content\/uploads\/2023\/03\/334218475_745138727056284_4880296080800629787_n-768x1086.jpg 768w, https:\/\/parafiarososzyca.pl\/wp-content\/uploads\/2023\/03\/334218475_745138727056284_4880296080800629787_n-212x300.jpg 212w, https:\/\/parafiarososzyca.pl\/wp-content\/uploads\/2023\/03\/334218475_745138727056284_4880296080800629787_n-724x1024.jpg 724w, https:\/\/parafiarososzyca.pl\/wp-content\/uploads\/2023\/03\/334218475_745138727056284_4880296080800629787_n-1086x1536.jpg 1086w, https:\/\/parafiarososzyca.pl\/wp-content\/uploads\/2023\/03\/334218475_745138727056284_4880296080800629787_n.jpg 1414w\" sizes=\"auto, (max-width: 500px) 100vw, 500px\" \/><\/a><\/p>\n","protected":false},"excerpt":{"rendered":"","protected":false},"author":1,"featured_media":0,"comment_status":"closed","ping_status":"closed","sticky":false,"template":"","format":"standard","meta":{"ngg_post_thumbnail":0,"footnotes":"","_links_to":"","_links_to_target":""},"categories":[14],"tags":[],"class_list":{"0":"entry","1":"post","2":"publish","3":"author-admin","4":"post-23284","6":"format-standard","7":"category-rok-2023"},"_links":{"self":[{"href":"https:\/\/parafiarososzyca.pl\/index.php\/wp-json\/wp\/v2\/posts\/23284","targetHints":{"allow":["GET"]}}],"collection":[{"href":"https:\/\/parafiarososzyca.pl\/index.php\/wp-json\/wp\/v2\/posts"}],"about":[{"href":"https:\/\/parafiarososzyca.pl\/index.php\/wp-json\/wp\/v2\/types\/post"}],"author":[{"embeddable":true,"href":"https:\/\/parafiarososzyca.pl\/index.php\/wp-json\/wp\/v2\/users\/1"}],"replies":[{"embeddable":true,"href":"https:\/\/parafiarososzyca.pl\/index.php\/wp-json\/wp\/v2\/comments?post=23284"}],"version-history":[{"count":0,"href":"https:\/\/parafiarososzyca.pl\/index.php\/wp-json\/wp\/v2\/posts\/23284\/revisions"}],"wp:attachment":[{"href":"https:\/\/parafiarososzyca.pl\/index.php\/wp-json\/wp\/v2\/media?parent=23284"}],"wp:term":[{"taxonomy":"category","embeddable":true,"href":"https:\/\/parafiarososzyca.pl\/index.php\/wp-json\/wp\/v2\/categories?post=23284"},{"taxonomy":"post_tag","embeddable":true,"href":"https:\/\/parafiarososzyca.pl\/index.php\/wp-json\/wp\/v2\/tags?post=23284"}],"curies":[{"name":"wp","href":"https:\/\/api.w.org\/{rel}","templated":true}]}}