{"id":22904,"date":"2022-10-29T16:51:51","date_gmt":"2022-10-29T16:51:51","guid":{"rendered":"https:\/\/parafiarososzyca.pl\/?p=22904"},"modified":"2022-11-17T16:54:35","modified_gmt":"2022-11-17T16:54:35","slug":"msza-i-nabozenstwo-z-modlitwa-uwielbienia-i-w-intencji-uzdrowienia","status":"publish","type":"post","link":"https:\/\/parafiarososzyca.pl\/index.php\/2022\/10\/29\/msza-i-nabozenstwo-z-modlitwa-uwielbienia-i-w-intencji-uzdrowienia\/","title":{"rendered":"Msza i nabo\u017ce\u0144stwo z modlitw\u0105 uwielbienia i w intencji uzdrowienia"},"content":{"rendered":"<p style=\"text-align: justify;\">29 pa\u017adziernika w naszej parafii go\u015bcili\u015bmy Szko\u0142\u0119 Nowej Ewangelizacji i zesp\u00f3\u0142 WOW na czele z ks. Dominikiem Wodniczakiem. Trudno s\u0142owami opisa\u0107 emocje i uczucia oraz prze\u017cycia jakie towarzyszy\u0142y zebranym na Eucharystii i nabo\u017ce\u0144stwie w intencji uzdrowienia. Trzeba to prze\u017cy\u0107 samemu i trzeba by\u0107 obecnym. By\u0142o to niezwyk\u0142e spotkanie z Bogiem \u017cywym kochaj\u0105cym, przebaczaj\u0105cym i uzdrawiaj\u0105cym.<!--more--><\/p>\nngg_shortcode_0_placeholder\n","protected":false},"excerpt":{"rendered":"<p>29 pa\u017adziernika w naszej parafii go\u015bcili\u015bmy Szko\u0142\u0119 Nowej Ewangelizacji i zesp\u00f3\u0142 WOW na czele z ks. Dominikiem Wodniczakiem. Trudno s\u0142owami opisa\u0107 emocje i uczucia oraz prze\u017cycia jakie towarzyszy\u0142y zebranym na Eucharystii i nabo\u017ce\u0144stwie w intencji uzdrowienia. Trzeba to prze\u017cy\u0107 samemu i trzeba by\u0107 obecnym. By\u0142o to niezwyk\u0142e spotkanie z Bogiem \u017cywym kochaj\u0105cym, przebaczaj\u0105cym i uzdrawiaj\u0105cym.<\/p>\n","protected":false},"author":1,"featured_media":0,"comment_status":"closed","ping_status":"closed","sticky":false,"template":"","format":"standard","meta":{"ngg_post_thumbnail":0,"footnotes":"","_links_to":"","_links_to_target":""},"categories":[13],"tags":[],"class_list":{"0":"entry","1":"post","2":"publish","3":"author-admin","4":"has-more-link","5":"post-22904","7":"format-standard","8":"category-rok-2022"},"_links":{"self":[{"href":"https:\/\/parafiarososzyca.pl\/index.php\/wp-json\/wp\/v2\/posts\/22904","targetHints":{"allow":["GET"]}}],"collection":[{"href":"https:\/\/parafiarososzyca.pl\/index.php\/wp-json\/wp\/v2\/posts"}],"about":[{"href":"https:\/\/parafiarososzyca.pl\/index.php\/wp-json\/wp\/v2\/types\/post"}],"author":[{"embeddable":true,"href":"https:\/\/parafiarososzyca.pl\/index.php\/wp-json\/wp\/v2\/users\/1"}],"replies":[{"embeddable":true,"href":"https:\/\/parafiarososzyca.pl\/index.php\/wp-json\/wp\/v2\/comments?post=22904"}],"version-history":[{"count":0,"href":"https:\/\/parafiarososzyca.pl\/index.php\/wp-json\/wp\/v2\/posts\/22904\/revisions"}],"wp:attachment":[{"href":"https:\/\/parafiarososzyca.pl\/index.php\/wp-json\/wp\/v2\/media?parent=22904"}],"wp:term":[{"taxonomy":"category","embeddable":true,"href":"https:\/\/parafiarososzyca.pl\/index.php\/wp-json\/wp\/v2\/categories?post=22904"},{"taxonomy":"post_tag","embeddable":true,"href":"https:\/\/parafiarososzyca.pl\/index.php\/wp-json\/wp\/v2\/tags?post=22904"}],"curies":[{"name":"wp","href":"https:\/\/api.w.org\/{rel}","templated":true}]}}