{"id":21151,"date":"2022-04-09T19:03:27","date_gmt":"2022-04-09T19:03:27","guid":{"rendered":"https:\/\/parafiarososzyca.pl\/?p=21151"},"modified":"2022-04-09T19:03:27","modified_gmt":"2022-04-09T19:03:27","slug":"droga-krzyzowa-rodzicow-dzieci-pierwszokomunijnych","status":"publish","type":"post","link":"https:\/\/parafiarososzyca.pl\/index.php\/2022\/04\/09\/droga-krzyzowa-rodzicow-dzieci-pierwszokomunijnych\/","title":{"rendered":"Droga krzy\u017cowa rodzic\u00f3w dzieci pierwszokomunijnych"},"content":{"rendered":"<p style=\"text-align: justify;\">Wielki Post nieod\u0142\u0105cznie kojarzy si\u0119 nam z prze\u017cywaniem m\u0119ki Pana Jezusa. W ka\u017cdy pi\u0105tek w naszej parafii prowadzona by\u0142a droga krzy\u017cowa przez r\u00f3\u017cne osoby, klasy, grupy. W pi\u0105tek przed Niedziel\u0105 Palmow\u0105, w czasie dnia spowiedzi drog\u0119 krzy\u017cow\u0105 poprowadzili rodzice dzieci pierwszokomunijnych.<!--more--><\/p>\n<p>Popatrzmy na zdj\u0119cia<\/p>\n<p>ngg_shortcode_0_placeholderPobierz zdj\u0119cia z Dysku Google &#8211; <a href=\"https:\/\/drive.google.com\/drive\/folders\/1tA1SZzKI0Fj19P5iGZ0skAOuvHXiWn9L?usp=sharing\">pobierz<\/a>&nbsp;<\/p>\n","protected":false},"excerpt":{"rendered":"<p>Wielki Post nieod\u0142\u0105cznie kojarzy si\u0119 nam z prze\u017cywaniem m\u0119ki Pana Jezusa. W ka\u017cdy pi\u0105tek w naszej parafii prowadzona by\u0142a droga krzy\u017cowa przez r\u00f3\u017cne osoby, klasy, grupy. W pi\u0105tek przed Niedziel\u0105 Palmow\u0105, w czasie dnia spowiedzi drog\u0119 krzy\u017cow\u0105 poprowadzili rodzice dzieci pierwszokomunijnych.<\/p>\n","protected":false},"author":1,"featured_media":0,"comment_status":"closed","ping_status":"closed","sticky":false,"template":"","format":"standard","meta":{"ngg_post_thumbnail":0,"footnotes":"","_links_to":"","_links_to_target":""},"categories":[13],"tags":[],"class_list":{"0":"entry","1":"post","2":"publish","3":"author-admin","4":"has-more-link","5":"post-21151","7":"format-standard","8":"category-rok-2022"},"_links":{"self":[{"href":"https:\/\/parafiarososzyca.pl\/index.php\/wp-json\/wp\/v2\/posts\/21151","targetHints":{"allow":["GET"]}}],"collection":[{"href":"https:\/\/parafiarososzyca.pl\/index.php\/wp-json\/wp\/v2\/posts"}],"about":[{"href":"https:\/\/parafiarososzyca.pl\/index.php\/wp-json\/wp\/v2\/types\/post"}],"author":[{"embeddable":true,"href":"https:\/\/parafiarososzyca.pl\/index.php\/wp-json\/wp\/v2\/users\/1"}],"replies":[{"embeddable":true,"href":"https:\/\/parafiarososzyca.pl\/index.php\/wp-json\/wp\/v2\/comments?post=21151"}],"version-history":[{"count":0,"href":"https:\/\/parafiarososzyca.pl\/index.php\/wp-json\/wp\/v2\/posts\/21151\/revisions"}],"wp:attachment":[{"href":"https:\/\/parafiarososzyca.pl\/index.php\/wp-json\/wp\/v2\/media?parent=21151"}],"wp:term":[{"taxonomy":"category","embeddable":true,"href":"https:\/\/parafiarososzyca.pl\/index.php\/wp-json\/wp\/v2\/categories?post=21151"},{"taxonomy":"post_tag","embeddable":true,"href":"https:\/\/parafiarososzyca.pl\/index.php\/wp-json\/wp\/v2\/tags?post=21151"}],"curies":[{"name":"wp","href":"https:\/\/api.w.org\/{rel}","templated":true}]}}