{"id":20199,"date":"2022-01-30T14:36:48","date_gmt":"2022-01-30T14:36:48","guid":{"rendered":"https:\/\/parafiarososzyca.pl\/?p=20199"},"modified":"2022-02-01T07:26:12","modified_gmt":"2022-02-01T07:26:12","slug":"ogloszenie-4","status":"publish","type":"post","link":"https:\/\/parafiarososzyca.pl\/index.php\/2022\/01\/30\/ogloszenie-4\/","title":{"rendered":"Og\u0142oszenie"},"content":{"rendered":"<p style=\"text-align: justify;\"><img loading=\"lazy\" decoding=\"async\" class=\"alignleft size-thumbnail wp-image-20200\" src=\"https:\/\/parafiarososzyca.pl\/wp-content\/uploads\/2022\/01\/kondolencje-150x150.jpeg\" alt=\"\" width=\"150\" height=\"150\" srcset=\"https:\/\/parafiarososzyca.pl\/wp-content\/uploads\/2022\/01\/kondolencje-150x150.jpeg 150w, https:\/\/parafiarososzyca.pl\/wp-content\/uploads\/2022\/01\/kondolencje.jpeg 265w\" sizes=\"auto, (max-width: 150px) 100vw, 150px\" \/>W niedziel\u0119 30 stycznia 2022 roku odszed\u0142 do Pana tato ks. proboszcza Paw\u0142a. Pogrzeb odb\u0119dzie si\u0119 w \u015brod\u0119 2 lutego o godzinie 13 w Wierzbnie.<\/p>\n<p style=\"text-align: justify;\">Parafianie sk\u0142adaj\u0105 serdeczne wyrazy wsp\u00f3\u0142czucia ks. proboszczowi i ca\u0142ej rodzinie.<\/p>\n<p><a href=\"https:\/\/parafiarososzyca.pl\/wp-content\/uploads\/2022\/01\/WhatsApp-Image-2022-01-31-at-21.32.14.jpeg\"><img loading=\"lazy\" decoding=\"async\" class=\"wp-image-20203 aligncenter\" src=\"https:\/\/parafiarososzyca.pl\/wp-content\/uploads\/2022\/01\/WhatsApp-Image-2022-01-31-at-21.32.14.jpeg\" alt=\"\" width=\"500\" height=\"346\" srcset=\"https:\/\/parafiarososzyca.pl\/wp-content\/uploads\/2022\/01\/WhatsApp-Image-2022-01-31-at-21.32.14.jpeg 613w, https:\/\/parafiarososzyca.pl\/wp-content\/uploads\/2022\/01\/WhatsApp-Image-2022-01-31-at-21.32.14-300x208.jpeg 300w\" sizes=\"auto, (max-width: 500px) 100vw, 500px\" \/><\/a><\/p>\n","protected":false},"excerpt":{"rendered":"<p>W niedziel\u0119 30 stycznia 2022 roku odszed\u0142 do Pana tato ks. proboszcza Paw\u0142a. Pogrzeb odb\u0119dzie si\u0119 w \u015brod\u0119 2 lutego o godzinie 13 w Wierzbnie. Parafianie sk\u0142adaj\u0105 serdeczne wyrazy wsp\u00f3\u0142czucia ks. proboszczowi i ca\u0142ej rodzinie.<\/p>\n","protected":false},"author":1,"featured_media":0,"comment_status":"closed","ping_status":"closed","sticky":false,"template":"","format":"standard","meta":{"ngg_post_thumbnail":0,"footnotes":"","_links_to":"","_links_to_target":""},"categories":[13],"tags":[],"class_list":{"0":"entry","1":"post","2":"publish","3":"author-admin","4":"post-20199","6":"format-standard","7":"category-rok-2022"},"_links":{"self":[{"href":"https:\/\/parafiarososzyca.pl\/index.php\/wp-json\/wp\/v2\/posts\/20199","targetHints":{"allow":["GET"]}}],"collection":[{"href":"https:\/\/parafiarososzyca.pl\/index.php\/wp-json\/wp\/v2\/posts"}],"about":[{"href":"https:\/\/parafiarososzyca.pl\/index.php\/wp-json\/wp\/v2\/types\/post"}],"author":[{"embeddable":true,"href":"https:\/\/parafiarososzyca.pl\/index.php\/wp-json\/wp\/v2\/users\/1"}],"replies":[{"embeddable":true,"href":"https:\/\/parafiarososzyca.pl\/index.php\/wp-json\/wp\/v2\/comments?post=20199"}],"version-history":[{"count":0,"href":"https:\/\/parafiarososzyca.pl\/index.php\/wp-json\/wp\/v2\/posts\/20199\/revisions"}],"wp:attachment":[{"href":"https:\/\/parafiarososzyca.pl\/index.php\/wp-json\/wp\/v2\/media?parent=20199"}],"wp:term":[{"taxonomy":"category","embeddable":true,"href":"https:\/\/parafiarososzyca.pl\/index.php\/wp-json\/wp\/v2\/categories?post=20199"},{"taxonomy":"post_tag","embeddable":true,"href":"https:\/\/parafiarososzyca.pl\/index.php\/wp-json\/wp\/v2\/tags?post=20199"}],"curies":[{"name":"wp","href":"https:\/\/api.w.org\/{rel}","templated":true}]}}