{"id":20187,"date":"2021-12-19T16:28:13","date_gmt":"2021-12-19T16:28:13","guid":{"rendered":"https:\/\/parafiarososzyca.pl\/?p=20187"},"modified":"2022-01-18T16:30:39","modified_gmt":"2022-01-18T16:30:39","slug":"betlejemskie-swiatlo-pokoju","status":"publish","type":"post","link":"https:\/\/parafiarososzyca.pl\/index.php\/2021\/12\/19\/betlejemskie-swiatlo-pokoju\/","title":{"rendered":"Betlejemskie \u015bwiat\u0142o pokoju"},"content":{"rendered":"<p style=\"text-align: justify;\">Rokrocznie harcerze odwiedzaj\u0105 ko\u015bci\u00f3\u0142 \u015bw. Marka Ewangelisty w Rososzycy przynosz\u0105c betlejemskie \u015bwiat\u0142o pokoju. W tym roku dotarli w czwart\u0105 niedziel\u0119 Adwentu. Od tego czasu wierni mogli odpala\u0107 dla siebie to \u015bwiate\u0142ko i zabiera\u0107 do domu, tak by rozb\u0142ys\u0142o w wigilijn\u0105 noc.<!--more--><\/p>\nngg_shortcode_0_placeholder\n","protected":false},"excerpt":{"rendered":"<p>Rokrocznie harcerze odwiedzaj\u0105 ko\u015bci\u00f3\u0142 \u015bw. Marka Ewangelisty w Rososzycy przynosz\u0105c betlejemskie \u015bwiat\u0142o pokoju. W tym roku dotarli w czwart\u0105 niedziel\u0119 Adwentu. Od tego czasu wierni mogli odpala\u0107 dla siebie to \u015bwiate\u0142ko i zabiera\u0107 do domu, tak by rozb\u0142ys\u0142o w wigilijn\u0105 noc.<\/p>\n","protected":false},"author":1,"featured_media":0,"comment_status":"closed","ping_status":"closed","sticky":false,"template":"","format":"standard","meta":{"ngg_post_thumbnail":0,"footnotes":"","_links_to":"","_links_to_target":""},"categories":[12],"tags":[],"class_list":{"0":"entry","1":"post","2":"publish","3":"author-admin","4":"has-more-link","5":"post-20187","7":"format-standard","8":"category-rok-2021"},"_links":{"self":[{"href":"https:\/\/parafiarososzyca.pl\/index.php\/wp-json\/wp\/v2\/posts\/20187","targetHints":{"allow":["GET"]}}],"collection":[{"href":"https:\/\/parafiarososzyca.pl\/index.php\/wp-json\/wp\/v2\/posts"}],"about":[{"href":"https:\/\/parafiarososzyca.pl\/index.php\/wp-json\/wp\/v2\/types\/post"}],"author":[{"embeddable":true,"href":"https:\/\/parafiarososzyca.pl\/index.php\/wp-json\/wp\/v2\/users\/1"}],"replies":[{"embeddable":true,"href":"https:\/\/parafiarososzyca.pl\/index.php\/wp-json\/wp\/v2\/comments?post=20187"}],"version-history":[{"count":0,"href":"https:\/\/parafiarososzyca.pl\/index.php\/wp-json\/wp\/v2\/posts\/20187\/revisions"}],"wp:attachment":[{"href":"https:\/\/parafiarososzyca.pl\/index.php\/wp-json\/wp\/v2\/media?parent=20187"}],"wp:term":[{"taxonomy":"category","embeddable":true,"href":"https:\/\/parafiarososzyca.pl\/index.php\/wp-json\/wp\/v2\/categories?post=20187"},{"taxonomy":"post_tag","embeddable":true,"href":"https:\/\/parafiarososzyca.pl\/index.php\/wp-json\/wp\/v2\/tags?post=20187"}],"curies":[{"name":"wp","href":"https:\/\/api.w.org\/{rel}","templated":true}]}}