{"id":20123,"date":"2021-12-07T16:20:57","date_gmt":"2021-12-07T16:20:57","guid":{"rendered":"https:\/\/parafiarososzyca.pl\/?p=20123"},"modified":"2022-01-18T16:24:06","modified_gmt":"2022-01-18T16:24:06","slug":"droga-do-betlejem","status":"publish","type":"post","link":"https:\/\/parafiarososzyca.pl\/index.php\/2021\/12\/07\/droga-do-betlejem\/","title":{"rendered":"Droga do Betlejem"},"content":{"rendered":"<p style=\"text-align: justify;\">Roraty 2021 roku odbywa\u0142y si\u0119 w parafii \u015bw. Marka Ewangelisty w Rososzycy pod has\u0142em wsp\u00f3lnego pielgrzymowania z Nazaretu do Betlejem. W trakcie rorat wszyscy zgromadzeni poznawali miejscowo\u015bci i wydarzenia z \u017cycia Jezusa. Przewodnikiem by\u0142 ks proboszcz Pawe\u0142 Gu\u017adzio\u0142 z pomocnikiem. A by\u0142 nim najlepszy GPS, czyli anio\u0142 Gabriel. Na jedno ze spotka\u0144 dotar\u0142 \u015bw. Miko\u0142aj, kt\u00f3ry z powodu kwarantanny przyby\u0142 z ma\u0142ym, jednodniowym op\u00f3\u017anieniem.<!--more--><\/p>\nngg_shortcode_0_placeholder\n","protected":false},"excerpt":{"rendered":"<p>Roraty 2021 roku odbywa\u0142y si\u0119 w parafii \u015bw. Marka Ewangelisty w Rososzycy pod has\u0142em wsp\u00f3lnego pielgrzymowania z Nazaretu do Betlejem. W trakcie rorat wszyscy zgromadzeni poznawali miejscowo\u015bci i wydarzenia z \u017cycia Jezusa. Przewodnikiem by\u0142 ks proboszcz Pawe\u0142 Gu\u017adzio\u0142 z pomocnikiem. A by\u0142 nim najlepszy GPS, czyli anio\u0142 Gabriel. Na jedno ze spotka\u0144 dotar\u0142 \u015bw. Miko\u0142aj, &#8230; <span class=\"more\"><a class=\"more-link\" href=\"https:\/\/parafiarososzyca.pl\/index.php\/2021\/12\/07\/droga-do-betlejem\/\">Czytaj dalej<\/a><\/span><\/p>\n","protected":false},"author":1,"featured_media":0,"comment_status":"closed","ping_status":"closed","sticky":false,"template":"","format":"standard","meta":{"ngg_post_thumbnail":0,"footnotes":"","_links_to":"","_links_to_target":""},"categories":[12],"tags":[],"class_list":{"0":"entry","1":"post","2":"publish","3":"author-admin","4":"has-more-link","5":"post-20123","7":"format-standard","8":"category-rok-2021"},"_links":{"self":[{"href":"https:\/\/parafiarososzyca.pl\/index.php\/wp-json\/wp\/v2\/posts\/20123","targetHints":{"allow":["GET"]}}],"collection":[{"href":"https:\/\/parafiarososzyca.pl\/index.php\/wp-json\/wp\/v2\/posts"}],"about":[{"href":"https:\/\/parafiarososzyca.pl\/index.php\/wp-json\/wp\/v2\/types\/post"}],"author":[{"embeddable":true,"href":"https:\/\/parafiarososzyca.pl\/index.php\/wp-json\/wp\/v2\/users\/1"}],"replies":[{"embeddable":true,"href":"https:\/\/parafiarososzyca.pl\/index.php\/wp-json\/wp\/v2\/comments?post=20123"}],"version-history":[{"count":0,"href":"https:\/\/parafiarososzyca.pl\/index.php\/wp-json\/wp\/v2\/posts\/20123\/revisions"}],"wp:attachment":[{"href":"https:\/\/parafiarososzyca.pl\/index.php\/wp-json\/wp\/v2\/media?parent=20123"}],"wp:term":[{"taxonomy":"category","embeddable":true,"href":"https:\/\/parafiarososzyca.pl\/index.php\/wp-json\/wp\/v2\/categories?post=20123"},{"taxonomy":"post_tag","embeddable":true,"href":"https:\/\/parafiarososzyca.pl\/index.php\/wp-json\/wp\/v2\/tags?post=20123"}],"curies":[{"name":"wp","href":"https:\/\/api.w.org\/{rel}","templated":true}]}}