{"id":20063,"date":"2021-11-14T20:25:08","date_gmt":"2021-11-14T20:25:08","guid":{"rendered":"https:\/\/parafiarososzyca.pl\/?p=20063"},"modified":"2021-11-14T20:25:58","modified_gmt":"2021-11-14T20:25:58","slug":"kosciol-pw-sw-marka-ewangelisty-noca","status":"publish","type":"post","link":"https:\/\/parafiarososzyca.pl\/index.php\/2021\/11\/14\/kosciol-pw-sw-marka-ewangelisty-noca\/","title":{"rendered":"Ko\u015bci\u00f3\u0142 pw. \u015bw. Marka Ewangelisty noc\u0105"},"content":{"rendered":"<p><a href=\"https:\/\/parafiarososzyca.pl\/wp-content\/uploads\/2021\/11\/kosciol_duze-scaled.jpeg\"><img loading=\"lazy\" decoding=\"async\" class=\"aligncenter wp-image-20064\" src=\"https:\/\/parafiarososzyca.pl\/wp-content\/uploads\/2021\/11\/kosciol_male.jpg\" alt=\"\" width=\"600\" height=\"400\" srcset=\"https:\/\/parafiarososzyca.pl\/wp-content\/uploads\/2021\/11\/kosciol_male.jpg 800w, https:\/\/parafiarososzyca.pl\/wp-content\/uploads\/2021\/11\/kosciol_male-300x200.jpg 300w, https:\/\/parafiarososzyca.pl\/wp-content\/uploads\/2021\/11\/kosciol_male-768x512.jpg 768w\" sizes=\"auto, (max-width: 600px) 100vw, 600px\" \/><\/a><\/p>\n","protected":false},"excerpt":{"rendered":"","protected":false},"author":1,"featured_media":0,"comment_status":"closed","ping_status":"closed","sticky":false,"template":"","format":"standard","meta":{"ngg_post_thumbnail":0,"footnotes":"","_links_to":"","_links_to_target":""},"categories":[12],"tags":[],"class_list":{"0":"entry","1":"post","2":"publish","3":"author-admin","4":"post-20063","6":"format-standard","7":"category-rok-2021"},"_links":{"self":[{"href":"https:\/\/parafiarososzyca.pl\/index.php\/wp-json\/wp\/v2\/posts\/20063","targetHints":{"allow":["GET"]}}],"collection":[{"href":"https:\/\/parafiarososzyca.pl\/index.php\/wp-json\/wp\/v2\/posts"}],"about":[{"href":"https:\/\/parafiarososzyca.pl\/index.php\/wp-json\/wp\/v2\/types\/post"}],"author":[{"embeddable":true,"href":"https:\/\/parafiarososzyca.pl\/index.php\/wp-json\/wp\/v2\/users\/1"}],"replies":[{"embeddable":true,"href":"https:\/\/parafiarososzyca.pl\/index.php\/wp-json\/wp\/v2\/comments?post=20063"}],"version-history":[{"count":0,"href":"https:\/\/parafiarososzyca.pl\/index.php\/wp-json\/wp\/v2\/posts\/20063\/revisions"}],"wp:attachment":[{"href":"https:\/\/parafiarososzyca.pl\/index.php\/wp-json\/wp\/v2\/media?parent=20063"}],"wp:term":[{"taxonomy":"category","embeddable":true,"href":"https:\/\/parafiarososzyca.pl\/index.php\/wp-json\/wp\/v2\/categories?post=20063"},{"taxonomy":"post_tag","embeddable":true,"href":"https:\/\/parafiarososzyca.pl\/index.php\/wp-json\/wp\/v2\/tags?post=20063"}],"curies":[{"name":"wp","href":"https:\/\/api.w.org\/{rel}","templated":true}]}}