{"id":20056,"date":"2021-11-12T10:24:41","date_gmt":"2021-11-12T10:24:41","guid":{"rendered":"https:\/\/parafiarososzyca.pl\/?p=20056"},"modified":"2021-11-12T10:24:41","modified_gmt":"2021-11-12T10:24:41","slug":"kartka-dla-michalinki","status":"publish","type":"post","link":"https:\/\/parafiarososzyca.pl\/index.php\/2021\/11\/12\/kartka-dla-michalinki\/","title":{"rendered":"Kartka dla Michalinki"},"content":{"rendered":"<p style=\"text-align: justify;\">Michalinka Binek, niezwyk\u0142a dziewczynka urodzi\u0142a si\u0119 8 grudnia 2016 roku. W tym roku, dzie\u0144 przed swoimi urodzinami b\u0119dzie przechodzi\u0142a powa\u017cn\u0105 operacj\u0119 serduszka. Dzieci Szko\u0142y Podstawowej w Rososzycy na lekcjach religii przygotowa\u0142y urodzinowe kartki, w kt\u00f3rych wypisa\u0142y swej m\u0142odszej kole\u017cance urodzinowe \u017cyczenia.<!--more--><\/p>\n<p style=\"text-align: justify;\">W akcj\u0119 w\u0142\u0105czy\u0142y si\u0119 nie tylko wszystkie dzieci, ale r\u00f3wnie\u017c nauczyciele i pracownicy niepedagogiczni. Michalince \u017cyczymy du\u017co zdrowia.<\/p>\nngg_shortcode_0_placeholder\n","protected":false},"excerpt":{"rendered":"<p>Michalinka Binek, niezwyk\u0142a dziewczynka urodzi\u0142a si\u0119 8 grudnia 2016 roku. W tym roku, dzie\u0144 przed swoimi urodzinami b\u0119dzie przechodzi\u0142a powa\u017cn\u0105 operacj\u0119 serduszka. Dzieci Szko\u0142y Podstawowej w Rososzycy na lekcjach religii przygotowa\u0142y urodzinowe kartki, w kt\u00f3rych wypisa\u0142y swej m\u0142odszej kole\u017cance urodzinowe \u017cyczenia.<\/p>\n","protected":false},"author":1,"featured_media":0,"comment_status":"closed","ping_status":"closed","sticky":false,"template":"","format":"standard","meta":{"ngg_post_thumbnail":0,"footnotes":"","_links_to":"","_links_to_target":""},"categories":[12],"tags":[],"class_list":{"0":"entry","1":"post","2":"publish","3":"author-admin","4":"has-more-link","5":"post-20056","7":"format-standard","8":"category-rok-2021"},"_links":{"self":[{"href":"https:\/\/parafiarososzyca.pl\/index.php\/wp-json\/wp\/v2\/posts\/20056","targetHints":{"allow":["GET"]}}],"collection":[{"href":"https:\/\/parafiarososzyca.pl\/index.php\/wp-json\/wp\/v2\/posts"}],"about":[{"href":"https:\/\/parafiarososzyca.pl\/index.php\/wp-json\/wp\/v2\/types\/post"}],"author":[{"embeddable":true,"href":"https:\/\/parafiarososzyca.pl\/index.php\/wp-json\/wp\/v2\/users\/1"}],"replies":[{"embeddable":true,"href":"https:\/\/parafiarososzyca.pl\/index.php\/wp-json\/wp\/v2\/comments?post=20056"}],"version-history":[{"count":0,"href":"https:\/\/parafiarososzyca.pl\/index.php\/wp-json\/wp\/v2\/posts\/20056\/revisions"}],"wp:attachment":[{"href":"https:\/\/parafiarososzyca.pl\/index.php\/wp-json\/wp\/v2\/media?parent=20056"}],"wp:term":[{"taxonomy":"category","embeddable":true,"href":"https:\/\/parafiarososzyca.pl\/index.php\/wp-json\/wp\/v2\/categories?post=20056"},{"taxonomy":"post_tag","embeddable":true,"href":"https:\/\/parafiarososzyca.pl\/index.php\/wp-json\/wp\/v2\/tags?post=20056"}],"curies":[{"name":"wp","href":"https:\/\/api.w.org\/{rel}","templated":true}]}}